{"id":12027,"date":"2020-11-23T18:24:06","date_gmt":"2020-11-23T15:24:06","guid":{"rendered":"http:\/\/www.muzikekspres.com\/index.php\/?p=12027"},"modified":"2020-11-23T18:24:41","modified_gmt":"2020-11-23T15:24:41","slug":"begum-akman-guzelligin-on-para-etmez","status":"publish","type":"post","link":"http:\/\/www.muzikekspres.com\/index.php\/begum-akman-guzelligin-on-para-etmez\/","title":{"rendered":"Beg\u00fcm Akman &#8211; G\u00fczelli\u011fin On Para Etmez"},"content":{"rendered":"<p>Beg\u00fcm Akman, bu sefer A\u015f\u0131k Veysel&#8217;in \u00f6l\u00fcms\u00fcz eserini g\u00fcn\u00fcm\u00fcz t\u0131n\u0131lar\u0131yla ya\u015fat\u0131yor: G\u00fczelli\u011fin On Para Etmez.<\/p>\n<p>M\u00fczi\u011fin e\u011fitiminden gelen y\u0131llar i\u00e7inde edindi\u011fi tecr\u00fcbeleri kendi eseri olan senfonik rock t\u0131n\u0131l\u0131 ilk teklisi \u201cNe Olursun\u201d ile dinleyicilerle payla\u015fan Beg\u00fcm Akman, ilk teklisiyle pek \u00e7ok yerde payla\u015f\u0131lm\u0131\u015f ve hem dinleyicilerin hem de m\u00fczik otoritelerinin dikkatini \u00e7ekmi\u015fti.<\/p>\n<p>\u015eimdi ise Akman, 1973\u2019te kaybetti\u011fimiz ve \u00fclkemizin \u00f6l\u00fcms\u00fcz de\u011ferlerinden olan A\u015f\u0131k Veysel\u2019in \u201cG\u00fczelli\u011fin On Para Etmez\u201d eserini g\u00fcn\u00fcm\u00fcz t\u0131n\u0131lar\u0131yla harmanlayarak yeni teklisi olarak dinleyicilerle bulu\u015fturdu!<\/p>\n<p>Arda M\u00fczik etiketiyle yay\u0131nlanan yorumun d\u00fczenlemesi, Kerem Can Aslan ile Beg\u00fcm Akman\u2019a ait.<\/p>\n<p>Pandemiden dolay\u0131 evlerden tamamlanan teklinin kay\u0131tlar\u0131n\u0131n mix ve mastering \u00e7al\u0131\u015fmas\u0131n\u0131 Zeynel G\u00fcnbek \u00fcstlendi.<\/p>\n<p>Teklide klasik gitarda Utku \u00c7akmak, piyanoda Derya Eroskay, elektroda Mustafa Kemal \u00d6zg\u00fcl, basta Serkan \u00c7elik, perk\u00fcsyon ve davulda Kerem Can Aslan ve dudukta G\u00fcrkan Akyol esere e\u015flik etti.<\/p>\n<p>&nbsp;<\/p>\n<h5 style=\"text-align: center;\">Akman, yeni teklisini \u015fu s\u00f6zlerle anlat\u0131yor;<\/h5>\n<p>\u201cBu eseri ilk olarak pandemi s\u00fcrecinde d\u00fczenlemeye karar verdik. Teknolojinin nimetlerinden yararlanarak t\u00fcm kay\u0131t s\u00fcrecini evlerimizden y\u00fcr\u00fctt\u00fck. Eser se\u00e7imi sevgili Kerem Can Aslan\u2019a aitti. Fikir ilk sunuldu\u011funda alt\u0131ndan kalk\u0131p kalkamayaca\u011f\u0131m \u00fczerine d\u00fc\u015f\u00fcnd\u00fcm, \u00e7\u00fcnk\u00fc halk m\u00fczi\u011fi e\u011fitimi alm\u0131\u015f biri de\u011filim, sonras\u0131nda d\u00fc\u015f\u00fcnd\u00fck ki bu eseri kendi tarz\u0131mda etnik modern t\u0131n\u0131lar\u0131yla caz esintileri ile yeniden yap\u0131land\u0131rabiliriz! Ben de bu sayede kendi yorumumla sevgili \u00fcstad A\u015f\u0131k Veysel\u2019in eserini seslendirmi\u015f ve eme\u011fi ge\u00e7en t\u00fcm m\u00fczisyen dostlar\u0131m\u0131zla par\u00e7aya yeni bir form katarak tamamlam\u0131\u015f oldum. Di\u011fer bir a\u00e7\u0131dan eserin bar\u0131nd\u0131rd\u0131\u011f\u0131 hikayenin ruhuma dokunmas\u0131, kendimi esere \u00e7ok\u00e7a yak\u0131n hissetmemi ve eseri severek s\u00f6ylememi sa\u011flad\u0131. Kendini karanl\u0131k d\u00fcnyalarda bulmu\u015f ve bulmak zorunda kalm\u0131\u015f Veysel\u2019in par\u00e7ada anlatt\u0131\u011f\u0131 hikaye bizlere bir kez daha ilham oldu.\u201d<\/p>\n<p>\u201cG\u00fczelli\u011fin On Para Etmez\u201din Beg\u00fcm Akman yorumunu t\u00fcm dijital platformlarda bulabilirsiniz.<\/p>\n<p>&nbsp;<\/p>\n<p><iframe loading=\"lazy\" width=\"620\" height=\"349\" src=\"https:\/\/www.youtube.com\/embed\/gQj2s3wM_84?feature=oembed\" frameborder=\"0\" allow=\"accelerometer; autoplay; clipboard-write; encrypted-media; gyroscope; picture-in-picture\" allowfullscreen><\/iframe><\/p>\n<p>&nbsp;<\/p>\n<p><iframe loading=\"lazy\" width=\"300\" height=\"380\" allowtransparency=\"true\" frameborder=\"0\" allow=\"encrypted-media\" title=\"Spotify Embed: G\u00fczelli\u011fin On Para Etmez\" src=\"https:\/\/open.spotify.com\/embed\/album\/65fqJPll9GTdDjsdsOGLKH?si=cPhZXgEgRoOOkgUQXhciaA\"><\/iframe><\/p>\n","protected":false},"excerpt":{"rendered":"<p>Beg\u00fcm Akman, bu sefer A\u015f\u0131k Veysel&#8217;in \u00f6l\u00fcms\u00fcz eserini g\u00fcn\u00fcm\u00fcz t\u0131n\u0131lar\u0131yla ya\u015fat\u0131yor: G\u00fczelli\u011fin On Para Etmez. M\u00fczi\u011fin e\u011fitiminden gelen y\u0131llar i\u00e7inde edindi\u011fi tecr\u00fcbeleri kendi eseri olan senfonik rock t\u0131n\u0131l\u0131 ilk teklisi \u201cNe Olursun\u201d ile dinleyicilerle payla\u015fan Beg\u00fcm Akman, ilk teklisiyle pek \u00e7ok yerde payla\u015f\u0131lm\u0131\u015f ve hem dinleyicilerin hem de m\u00fczik otoritelerinin dikkatini \u00e7ekmi\u015fti. \u015eimdi ise Akman, &#8230;<\/p>\n","protected":false},"author":1,"featured_media":12028,"comment_status":"open","ping_status":"open","sticky":false,"template":"","format":"standard","meta":[],"categories":[240],"tags":[3375,3222],"_links":{"self":[{"href":"http:\/\/www.muzikekspres.com\/index.php\/wp-json\/wp\/v2\/posts\/12027"}],"collection":[{"href":"http:\/\/www.muzikekspres.com\/index.php\/wp-json\/wp\/v2\/posts"}],"about":[{"href":"http:\/\/www.muzikekspres.com\/index.php\/wp-json\/wp\/v2\/types\/post"}],"author":[{"embeddable":true,"href":"http:\/\/www.muzikekspres.com\/index.php\/wp-json\/wp\/v2\/users\/1"}],"replies":[{"embeddable":true,"href":"http:\/\/www.muzikekspres.com\/index.php\/wp-json\/wp\/v2\/comments?post=12027"}],"version-history":[{"count":1,"href":"http:\/\/www.muzikekspres.com\/index.php\/wp-json\/wp\/v2\/posts\/12027\/revisions"}],"predecessor-version":[{"id":12029,"href":"http:\/\/www.muzikekspres.com\/index.php\/wp-json\/wp\/v2\/posts\/12027\/revisions\/12029"}],"wp:featuredmedia":[{"embeddable":true,"href":"http:\/\/www.muzikekspres.com\/index.php\/wp-json\/wp\/v2\/media\/12028"}],"wp:attachment":[{"href":"http:\/\/www.muzikekspres.com\/index.php\/wp-json\/wp\/v2\/media?parent=12027"}],"wp:term":[{"taxonomy":"category","embeddable":true,"href":"http:\/\/www.muzikekspres.com\/index.php\/wp-json\/wp\/v2\/categories?post=12027"},{"taxonomy":"post_tag","embeddable":true,"href":"http:\/\/www.muzikekspres.com\/index.php\/wp-json\/wp\/v2\/tags?post=12027"}],"curies":[{"name":"wp","href":"https:\/\/api.w.org\/{rel}","templated":true}]}}