{"id":1645,"date":"2014-05-11T10:39:10","date_gmt":"2014-05-11T07:39:10","guid":{"rendered":"http:\/\/www.muzikekspres.com\/?p=1645"},"modified":"2014-05-11T10:39:10","modified_gmt":"2014-05-11T07:39:10","slug":"anneler-icin-guzel-sarkilar","status":"publish","type":"post","link":"http:\/\/www.muzikekspres.com\/index.php\/anneler-icin-guzel-sarkilar\/","title":{"rendered":"Anneler \u0130\u00e7in G\u00fczel \u015eark\u0131lar"},"content":{"rendered":"<h4 style=\"text-align: center;\">Geceler \u00c7ok So\u011fuk, Sessiz ve Karanl\u0131k<\/h4>\n<p>Hayat\u0131n anneler i\u00e7in s\u00f6ylenen \u015fark\u0131lar\u0131na &#8211; ki onlar i\u00e7in yaz\u0131lan, bestelenen, s\u00f6ylenen, hayk\u0131r\u0131lan ya da di\u011fer haller &#8211; \u015f\u00f6yle bir bakt\u0131\u011f\u0131m\u0131zda d\u00fcnden bug\u00fcne \u00f6yle hikayeler anlat\u0131lm\u0131\u015f ki orada; bug\u00fcn herhangi birinde tak\u0131l\u0131 kalmamam\u0131z m\u00fcmk\u00fcn olmaz.<\/p>\n<p>\u0130lk anda iki tanesi \u00f6zellikle akl\u0131ma d\u00fc\u015f\u00fcyor ki s\u00f6zleri ya da besteleri bir yana yorumlar\u0131 ile de haf\u0131zam\u0131zda ayr\u0131 bir noktada. Zeki M\u00fcren\u2019in \u2018\u2019geceler \u00e7ok so\u011fuk, sessiz ve karanl\u0131k \/ \u00fc\u015f\u00fcd\u00fcm \u00fcst\u00fcm\u00fc \u00f6rtsene anne\u2019\u2019 s\u00f6zleri ile haf\u0131zam\u0131za kaz\u0131d\u0131\u011f\u0131 \u2018\u2019Anne\u2019\u2019 isimli \u015fark\u0131s\u0131 Sanat G\u00fcne\u015fi\u2019nin annesi i\u00e7in s\u00f6yledi\u011fi ilk \u015fark\u0131 de\u011fildir asl\u0131nda. Charles Aznavour\u2019un \u2018\u2019La Mamma\u2019\u2019 isimli \u015fark\u0131s\u0131 60\u2019l\u0131 y\u0131llarda Fecri Ebcio\u011flu\u2019nun T\u00fcrk\u00e7e s\u00f6zleri ve \u2018\u2019Anne\u2019\u2019 ismi ile M\u00fcren taraf\u0131ndan yorumlanm\u0131\u015f, sanat\u00e7\u0131n\u0131n hen\u00fcz daha \u00e7ok kariyerinin ba\u015f\u0131nda b\u00f6yle bir \u015fark\u0131ya tan\u0131kl\u0131k etmi\u015ftir m\u00fczik dinleyicisi. \u2018\u2019ne olurdu bir kerecik g\u00f6rseydik biz de seni, tatsayd\u0131k anne denen s\u0131ms\u0131cak sevgini\u2019\u2019 s\u00f6zleri ile bir \u00f6zleme ithaf edilen bu \u015fark\u0131 dinleyici \u00fczerinde yeterli bir ilgi b\u0131rakmam\u0131\u015f olsa gerek bug\u00fcn hak etti\u011fi yerde de\u011fildir maalesef.<\/p>\n<p>Bir ba\u015fka unutulmaz anne \u015fark\u0131s\u0131n\u0131 da hayat\u0131m\u0131za Kibariye kazand\u0131rm\u0131\u015ft\u0131r. Hayat\u0131 film gibi olanlardand\u0131r Kibariye. Pamuk ve t\u00fct\u00fcn toplayarak hayat\u0131n\u0131 kazanan bir ailenin ge\u00e7im s\u0131k\u0131nt\u0131s\u0131 nedeni ile hi\u00e7 okula gidemeyen bir k\u0131z\u0131d\u0131r. Bir g\u00fcn yolunu bulu\u015fturdu\u011fu pavyonlar art\u0131k dinleyicisini oraya s\u0131\u011fd\u0131rmaya yetmeyince daha b\u00fcy\u00fck sahnelere \u00e7\u0131kmas\u0131 gerekecektir ve \u0130stanbul\u2019da ilk \u00e7\u0131kaca\u011f\u0131 kul\u00fcpte, o ilk ciddi sahnesinde kendisini Zeki M\u00fcren\u2019den Sezen Aksu\u2019ya, Adnan \u015eenses\u2019ten M\u00fcjde Ar\u2019a \u00f6nemli isimler dinleyecektir. Derken bu s\u00fcreci alb\u00fcm yapmalar, filmlerde oynamalar, TV i\u00e7in programlar haz\u0131rlamalar \u00f6zetle bir \u015f\u00f6hret izleyecektir. Magazin d\u00fcnyas\u0131 da onu hi\u00e7 bu s\u00fcre\u00e7te yaln\u0131z b\u0131rakmayacakt\u0131r hatta bir g\u00fcn i\u00e7in annesi Makbule Tokmak\u2019\u0131n bir isyan\u0131n\u0131 bile malzemelerinden biri haline getirecektir.<\/p>\n<blockquote>\n<p style=\"text-align: center;\">Bir yar i\u00e7in seni terk edip gittim \/ vicdan\u0131ma bir sor ne ac\u0131 \u00e7ektim \/ kendimi ben sana emanet ettim \/ eller kadir k\u0131ymet bilmiyor anne \/ senin kadar kimse sevmiyor anne<\/p>\n<\/blockquote>\n<p>Kibariye\u2019nin ismi akla gelince an\u0131msad\u0131\u011f\u0131m\u0131z ilk \u015fark\u0131lar\u0131ndan biri olan \u2018\u2019Annem\u2019\u2019in s\u00f6z yazar\u0131 \/ \u015fair Halit \u00c7eliko\u011flu\u2019nun hayat hikayesi de bir hayli ilgin\u00e7. \u015eair, babas\u0131 vefat edince annesini yan\u0131na al\u0131yor ve onun bir g\u00fcn, bir kad\u0131nlar g\u00fcn\u00fcnde sadece k\u00f6yl\u00fc oldu\u011fu i\u00e7in e\u015fi taraf\u0131ndan bir odaya kilitlendi\u011fini ve orada a\u00e7 b\u0131rak\u0131ld\u0131\u011f\u0131n\u0131 \u00f6\u011freniyor. Bu durumu hazmedemiyor ve e\u015fi ile tutu\u015ftu\u011fu kavga bo\u015fanmaya kadar gidiyor, daha sonra memleketi Sakarya\u2019dan \u0130stanbul\u2019a tayinini istiyor ve annesi ile birlikte oraya yerle\u015fiyor. Birka\u00e7 ay i\u00e7inde de annesini kaybedince Sultanahmet park\u0131nda oturuyor ve bu \u015fark\u0131y\u0131 yaz\u0131yor. Evet, eller kadir k\u0131ymet bilmiyor, anne gibi kimse sevmiyor, sevilmiyor.<\/p>\n<h4 style=\"text-align: center;\">Ne Hayatlar \u00dcmidiyle Zamans\u0131z Yollara D\u00fc\u015ft\u00fck<\/h4>\n<p>Ajda Pekkan\u2019\u0131n bundan tam 20 y\u0131l \u00f6nce bir May\u0131s ay\u0131nda yay\u0131nlad\u0131\u011f\u0131 \u2018\u20191993\u2019\u2019 isimli alb\u00fcm\u00fcn\u00fcn en g\u00fczel \u015fark\u0131lar\u0131ndan biri de \u2018\u2019A\u011flama Anne\u2019\u2019dir. O g\u00fcne kadar m\u00fczik piyasas\u0131nda rekabet i\u00e7inde olduklar\u0131 kadar dost olmay\u0131 da ba\u015faran ve bu bug\u00fcn bile ayn\u0131 samimiyette yol alan meslekta\u015f\u0131 Sezen Aksu ile bir alb\u00fcm projesinde bir araya gelmemi\u015ftir S\u00fcperstar. Aksu o ara yurt d\u0131\u015f\u0131nda bir alb\u00fcm turnesindedir ve Pekkan telefonda kendisinden Yunan m\u00fczisyen Parios\u2019un bir \u015fark\u0131s\u0131na T\u00fcrk\u00e7e s\u00f6zler yazmas\u0131n\u0131 isteyecektir. \u0130\u015fte Minik Ser\u00e7e s\u00f6ylenenlere g\u00f6re orada, bir otob\u00fcs yolculu\u011funda yazar bu \u015fark\u0131n\u0131n s\u00f6zlerini. \u015eark\u0131 \u00e7ok sevilir ve y\u0131llara meydan okumas\u0131 ba\u015flar, bir g\u00fcn bir alb\u00fcm\u00fcnde Selda Ba\u011fcan taraf\u0131ndan da yorumlan\u0131r. Ba\u011fcan her \u015fark\u0131s\u0131nda oldu\u011fu gibi bu \u015fark\u0131n\u0131n da hakk\u0131n\u0131 ayr\u0131 verecek olsa bile kendisinin uzun kariyeri boyunca anneler i\u00e7in s\u00f6yledi\u011fi tek \u015fark\u0131 olmayacakt\u0131r.<\/p>\n<blockquote>\n<p style=\"text-align: center;\">Da\u011flar\u0131n ba\u015f\u0131nda, n\u00f6bet beklerken \/ ay \u0131\u015f\u0131\u011f\u0131nda, hasret \u00e7ekerken \/ sizden uzaklarda, \u015fafak s\u00f6kerken \/ bir sigara yakt\u0131m, a\u011flad\u0131m anne<\/p>\n<\/blockquote>\n<p>Ba\u011fcan\u2019\u0131n 2002 y\u0131l\u0131nda yay\u0131nlad\u0131\u011f\u0131 \u2018\u2019Ben Geldim\u2019\u2019 isimli alb\u00fcmde iki \u015fark\u0131 vard\u0131r. \u2018\u2019A\u011flad\u0131m Anne\u2019\u2019nin s\u00f6zleri Seydi \u00c7elik\u2019e ait olurken Halil Erg\u00fcn\u2019\u00fcn de sesi ile kendisine e\u015flik etti\u011fi \u2018\u2019Anne\u2026 Ben Geldim\u2019\u2019 bir Ahmet Erhan \u015fiiridir ve her ikisi de Ba\u011fcan taraf\u0131ndan bestelenmi\u015ftir. \u2018\u2019anne ben geldim \/ a\u011fdaki bal\u0131k bardaktaki su kadar umars\u0131z\u0131m \/ dizlerin duruyor mu ba\u015f\u0131m\u0131 koyacak? \/ anne ben geldim, o\u011flun, hay\u0131rs\u0131z\u0131n\u2019\u2019 isimli s\u00f6zlerle bizlere ula\u015fan as\u0131l ad\u0131 \u2018\u2019O\u011ful\u2019\u2019 olan \u015fiire getirilen ilk beste de\u011fildir bu; 90\u2019l\u0131 y\u0131llar\u0131n sonlar\u0131na do\u011fru yay\u0131nlad\u0131\u011f\u0131 ikinci alb\u00fcm\u00fcnde Teoman bestesi ile de dinlenmi\u015ftir bu \u015fiir. Teoman bir dergide kar\u015f\u0131la\u015ft\u0131ktan sonra uzun bir s\u00fcre kopamam\u0131\u015ft\u0131r bu \u015fiirden ve t\u00fcrl\u00fc \u00e7ilelerle telefonunu bulduktan sonra \u015fairini aram\u0131\u015ft\u0131r, iznini istemi\u015ftir bestelemek i\u00e7in bir heyecanla.<\/p>\n<h4 style=\"text-align: center;\">Ya\u011fmurlar\u0131 Biriktir Anne<\/h4>\n<p>Ahmet Kaya\u2019n\u0131n 1987 y\u0131l\u0131nda yay\u0131nlad\u0131\u011f\u0131 \u2018\u2019Yorgun Demokrat\u2019\u2019 isimli alb\u00fcm\u00fcn\u00fcn a\u00e7\u0131l\u0131\u015f \u015fark\u0131s\u0131 \u2018\u2019Hani Benim Gen\u00e7li\u011fim\u2019\u2019in de \u00e7ok g\u00fczel bir hikayesi vard\u0131r ve Ferzende Kaya\u2019n\u0131n \u2018\u2019Ba\u015f\u0131m Belada\u2019\u2019 isimli kitab\u0131nda bunu \u015fairi Yusuf Hayalo\u011flu \u00e7ok g\u00fczel anlatm\u0131\u015ft\u0131r. Bir yemek masas\u0131nda ilk kez \u015fiiri okuyan Ahmet Kaya g\u00f6zya\u015flar\u0131 i\u00e7inde hemen mekan\u0131 terk edip son s\u00fcrat evine gitmi\u015f ve odas\u0131na kapanm\u0131\u015f. En fazla on dakika sonra odas\u0131ndan \u00e7\u0131kan Kaya \u015fark\u0131 bitti demi\u015f ve hep beraber bir b\u00fcy\u00fcye kap\u0131l\u0131p a\u011flamaya ba\u015flam\u0131\u015flar orada. \u2018\u2019Sanki bir bebe\u011fin ana rahminden \u00e7\u0131k\u0131\u015f\u0131n\u0131 canl\u0131 izlemi\u015f gibi b\u00fcy\u00fclenmi\u015ftik\u2019\u2019 diye tarif etmi\u015f Hayalo\u011flu o atmosferi.<\/p>\n<p>Bir ba\u015fka \u015fair Nevzat \u00c7elik\u2019in \u015fiiri \u2018\u2019\u015eafak T\u00fcrk\u00fcs\u00fc\u2019\u2019 yine Kaya taraf\u0131ndan bestelenmi\u015f, yorumlanm\u0131\u015f \u015fark\u0131lar\u0131n i\u00e7inde ayr\u0131 bir yerde durmaktad\u0131r. \u2018\u2019beni burada arama anne \/ kap\u0131da ad\u0131m\u0131 sorma \/ sa\u00e7lar\u0131na y\u0131ld\u0131z d\u00fc\u015fm\u00fc\u015f \/ koparma anne\u2019\u2019 s\u00f6zleri ile ba\u015flayan \u015fiiri 12 Eyl\u00fcl darbesinin ald\u0131\u011f\u0131 ilk can olan Necdet Adal\u0131\u2019ya ithaf etmi\u015ftir \u015fair. \u2018\u2019Niye B\u00f6yle Anne\u2019\u2019, \u2018\u2019Beni Bul Anne\u2019\u2019 yine Ahmet Kaya\u2019n\u0131n unutulmaz \u015fark\u0131lar\u0131 aras\u0131nda yer al\u0131rken annesi ile bir daha belki bulu\u015famayacak olanlara yaz\u0131lan daha nice \u015fark\u0131dan biri de yine Sezen Aksu taraf\u0131ndan kaleme al\u0131nm\u0131\u015ft\u0131r. \u2018\u2019ben anay\u0131m \/ yanmaz can\u0131m d\u0131\u015fardan kora koysalar \/ \u00fcmidimi kaybedemezsiniz \/ \u00f6lsem de ah\u0131m tarihi karalar\u2019\u2019. Cumartesi Anneleri\u2019ne ithaft\u0131r ve kalplere ayr\u0131 bir dokunacakt\u0131r yay\u0131nland\u0131\u011f\u0131 d\u00f6nemde \u2018\u2019Cumartesi T\u00fcrk\u00fcs\u00fc\u2019\u2019.<\/p>\n<p>Umay Umay\u2019\u0131n \u2018\u2019\u015eeker Anne\u2019\u2019 isimli \u015fark\u0131s\u0131 gerek kendi alb\u00fcm\u00fcnde gerekse Kent Ozanlar\u0131 isimli bir ortak \u00e7al\u0131\u015fmada can\u0131m\u0131z\u0131 fena halde yakmaktad\u0131r. Bug\u00fcne kadar yazd\u0131\u011f\u0131, s\u00f6yledi\u011fi, dokundu\u011fu her \u015fey bir ba\u015fka olan Umay bu \u015fark\u0131s\u0131nda \u2018\u2019kelebekler \u00f6l\u00fcrken anne, pencereler k\u0131r\u0131l\u0131r anne \/ kahveli g\u00f6\u011fs\u00fcne d\u00fc\u015ferim anne\u2019\u2019 der ve ekler \u2018\u2019bizim \u015fark\u0131m\u0131z haritada kay\u0131p bir \u015fehirdir\u2019\u2019. Ya bizim annemizle olan \u015fark\u0131m\u0131z, ya o hangisidir, o hangi tarif edilmezliktir, o \u015fark\u0131 hangi \u015fiirdir?<\/p>\n<h5><a rel=\"prettyPhoto\" href=\"http:\/\/www.muzikekspres.com\/wp-content\/uploads\/2014\/05\/anneler-gunu02-2014.jpg\" title=\"Anneler G\u00fcn\u00fc\"><img decoding=\"async\" class=\"alignnone size-full wp-image-721\" alt=\"Anneler G\u00fcn\u00fc\" src=\"http:\/\/www.muzikekspres.com\/wp-content\/uploads\/2014\/05\/anneler-gunu02-2014.jpg\" \/><\/a><\/h5>\n","protected":false},"excerpt":{"rendered":"<p>Geceler \u00c7ok So\u011fuk, Sessiz ve Karanl\u0131k Hayat\u0131n anneler i\u00e7in s\u00f6ylenen \u015fark\u0131lar\u0131na &#8211; ki onlar i\u00e7in yaz\u0131lan, bestelenen, s\u00f6ylenen, hayk\u0131r\u0131lan ya da di\u011fer haller &#8211; \u015f\u00f6yle bir bakt\u0131\u011f\u0131m\u0131zda d\u00fcnden bug\u00fcne \u00f6yle hikayeler anlat\u0131lm\u0131\u015f ki orada; bug\u00fcn herhangi birinde tak\u0131l\u0131 kalmamam\u0131z m\u00fcmk\u00fcn olmaz. \u0130lk anda iki tanesi \u00f6zellikle akl\u0131ma d\u00fc\u015f\u00fcyor ki s\u00f6zleri ya da besteleri bir yana &#8230;<\/p>\n","protected":false},"author":2,"featured_media":1646,"comment_status":"open","ping_status":"open","sticky":false,"template":"","format":"standard","meta":[],"categories":[29],"tags":[],"_links":{"self":[{"href":"http:\/\/www.muzikekspres.com\/index.php\/wp-json\/wp\/v2\/posts\/1645"}],"collection":[{"href":"http:\/\/www.muzikekspres.com\/index.php\/wp-json\/wp\/v2\/posts"}],"about":[{"href":"http:\/\/www.muzikekspres.com\/index.php\/wp-json\/wp\/v2\/types\/post"}],"author":[{"embeddable":true,"href":"http:\/\/www.muzikekspres.com\/index.php\/wp-json\/wp\/v2\/users\/2"}],"replies":[{"embeddable":true,"href":"http:\/\/www.muzikekspres.com\/index.php\/wp-json\/wp\/v2\/comments?post=1645"}],"version-history":[{"count":1,"href":"http:\/\/www.muzikekspres.com\/index.php\/wp-json\/wp\/v2\/posts\/1645\/revisions"}],"predecessor-version":[{"id":1648,"href":"http:\/\/www.muzikekspres.com\/index.php\/wp-json\/wp\/v2\/posts\/1645\/revisions\/1648"}],"wp:featuredmedia":[{"embeddable":true,"href":"http:\/\/www.muzikekspres.com\/index.php\/wp-json\/wp\/v2\/media\/1646"}],"wp:attachment":[{"href":"http:\/\/www.muzikekspres.com\/index.php\/wp-json\/wp\/v2\/media?parent=1645"}],"wp:term":[{"taxonomy":"category","embeddable":true,"href":"http:\/\/www.muzikekspres.com\/index.php\/wp-json\/wp\/v2\/categories?post=1645"},{"taxonomy":"post_tag","embeddable":true,"href":"http:\/\/www.muzikekspres.com\/index.php\/wp-json\/wp\/v2\/tags?post=1645"}],"curies":[{"name":"wp","href":"https:\/\/api.w.org\/{rel}","templated":true}]}}