{"id":16681,"date":"2021-09-24T18:58:15","date_gmt":"2021-09-24T15:58:15","guid":{"rendered":"http:\/\/www.muzikekspres.com\/index.php\/?p=16681"},"modified":"2021-09-24T18:58:43","modified_gmt":"2021-09-24T15:58:43","slug":"sattas-sarki-soylemek-lazim","status":"publish","type":"post","link":"http:\/\/www.muzikekspres.com\/index.php\/sattas-sarki-soylemek-lazim\/","title":{"rendered":"Sattas &#8211; \u015eark\u0131 S\u00f6ylemek Laz\u0131m"},"content":{"rendered":"<p>Kuruldu\u011fundan bu yana dinleyici kitlesini b\u00fcy\u00fcten ve birbirinden g\u00fczel par\u00e7alara ve performanslara imza atan Sattas, bir Sezen Aksu klasi\u011fi olan \u201c\u015eark\u0131 S\u00f6ylemek Laz\u0131m\u201d par\u00e7as\u0131 ile geri d\u00f6n\u00fcyor. Sezen Aksu\u2019nun y\u0131llard\u0131r dillerden d\u00fc\u015fmeyen efsanevi par\u00e7as\u0131n\u0131n reggae m\u00fczik ile harmanland\u0131\u011f\u0131 Sattas versiyonuyla \u201c\u015eark\u0131 S\u00f6ylemek Laz\u0131m\u201d, GRGDN M\u00fczik etiketi ile t\u00fcm dijital platformlarda.<\/p>\n<p>Sonbahar\u0131 kar\u015f\u0131larken keyifle dinleyece\u011fimiz Sattas yorumlu &#8220;\u015eark\u0131 S\u00f6ylemek Laz\u0131m&#8221;, kulaklar\u0131m\u0131z\u0131 \u015fenlendirmeye ve ruhumuzu dinlendirmeye haz\u0131r. \u0130lk kez 2002 y\u0131l\u0131nda dinleyici ile bulu\u015fan ve bir Sezen Aksu klasi\u011fi olan \u015eark\u0131 S\u00f6ylemek Laz\u0131m\u2019\u0131 kendi yorumlar\u0131 ile seslendiren Sattas, pek \u00e7ok farkl\u0131 sanat\u00e7\u0131n\u0131n Sezen Aksu \u015fark\u0131lar\u0131n\u0131 yeniden yorumlad\u0131\u011f\u0131 projenin de bir par\u00e7as\u0131.<\/p>\n<p>2004 y\u0131l\u0131nda kurulan ve Reggae m\u00fczi\u011fin T\u00fcrkiye&#8217;deki en \u00f6nemli ve ba\u015far\u0131l\u0131 temsilcilerinden olan grup 2012\u2019de ilk alb\u00fcmleri Sattas Reggaeband\u2019i \u00e7\u0131karm\u0131\u015f, ard\u0131ndan &#8220;Bir Ben Miyim&#8221;, &#8220;Aman Aman&#8221;, &#8220;Gene Sen&#8221; single\u2019lar\u0131 ile kendine yeni dinleyiciler kazand\u0131rm\u0131\u015ft\u0131. Sattas, \u00fclkemizde Rock n Coke, Zeytinli Rock Festivalleri gibi say\u0131s\u0131z ulusal festivalde sahne alm\u0131\u015f, yurtd\u0131\u015f\u0131nda ise Montreal Jazz Festivali, Rototom Sunsplash, Sziget gibi festivallerde ba\u015far\u0131l\u0131 performanslara imza atm\u0131\u015ft\u0131r.<\/p>\n<p>Vokalde Or\u00e7un S\u00fcnear, gitarda Batuhan Kurnaz, davulda Cenk G\u00fcng\u00f6r, klavyede Faruk Demir Tugayo\u011flu ve bas gitarda \u00d6yk\u00fc G\u00fclata\u2019n\u0131n yer ald\u0131\u011f\u0131 Sattas \u015fimdi en yeni teklileri \u015eark\u0131 S\u00f6ylemek Laz\u0131m ile yay\u0131nda.<\/p>\n<p>&nbsp;<\/p>\n<p><img decoding=\"async\" src=\"http:\/\/www.muzikekspres.com\/wp-content\/uploads\/2021\/09\/Sattas-2.jpg\" \/><\/p>\n<p>&nbsp;<\/p>\n<p><iframe loading=\"lazy\" width=\"620\" height=\"465\" src=\"https:\/\/www.youtube.com\/embed\/b8PVtU5dw8Q?feature=oembed\" frameborder=\"0\" allow=\"accelerometer; autoplay; clipboard-write; encrypted-media; gyroscope; picture-in-picture\" allowfullscreen><\/iframe><\/p>\n<p>&nbsp;<\/p>\n<p><iframe loading=\"lazy\" width=\"100%\" height=\"80\" title=\"Spotify Embed: \u015eark\u0131 S\u00f6ylemek Laz\u0131m\" frameborder=\"0\" allowfullscreen allow=\"autoplay; clipboard-write; encrypted-media; fullscreen; picture-in-picture\" src=\"https:\/\/open.spotify.com\/embed\/track\/0O902NFSnEwxbTNTluL2Ie?si=722e8eb774714523\"><\/iframe><\/p>\n","protected":false},"excerpt":{"rendered":"<p>Kuruldu\u011fundan bu yana dinleyici kitlesini b\u00fcy\u00fcten ve birbirinden g\u00fczel par\u00e7alara ve performanslara imza atan Sattas, bir Sezen Aksu klasi\u011fi olan \u201c\u015eark\u0131 S\u00f6ylemek Laz\u0131m\u201d par\u00e7as\u0131 ile geri d\u00f6n\u00fcyor. Sezen Aksu\u2019nun y\u0131llard\u0131r dillerden d\u00fc\u015fmeyen efsanevi par\u00e7as\u0131n\u0131n reggae m\u00fczik ile harmanland\u0131\u011f\u0131 Sattas versiyonuyla \u201c\u015eark\u0131 S\u00f6ylemek Laz\u0131m\u201d, GRGDN M\u00fczik etiketi ile t\u00fcm dijital platformlarda. Sonbahar\u0131 kar\u015f\u0131larken keyifle dinleyece\u011fimiz Sattas &#8230;<\/p>\n","protected":false},"author":1,"featured_media":16683,"comment_status":"open","ping_status":"open","sticky":false,"template":"","format":"standard","meta":[],"categories":[240],"tags":[5213,650,267],"_links":{"self":[{"href":"http:\/\/www.muzikekspres.com\/index.php\/wp-json\/wp\/v2\/posts\/16681"}],"collection":[{"href":"http:\/\/www.muzikekspres.com\/index.php\/wp-json\/wp\/v2\/posts"}],"about":[{"href":"http:\/\/www.muzikekspres.com\/index.php\/wp-json\/wp\/v2\/types\/post"}],"author":[{"embeddable":true,"href":"http:\/\/www.muzikekspres.com\/index.php\/wp-json\/wp\/v2\/users\/1"}],"replies":[{"embeddable":true,"href":"http:\/\/www.muzikekspres.com\/index.php\/wp-json\/wp\/v2\/comments?post=16681"}],"version-history":[{"count":2,"href":"http:\/\/www.muzikekspres.com\/index.php\/wp-json\/wp\/v2\/posts\/16681\/revisions"}],"predecessor-version":[{"id":16685,"href":"http:\/\/www.muzikekspres.com\/index.php\/wp-json\/wp\/v2\/posts\/16681\/revisions\/16685"}],"wp:featuredmedia":[{"embeddable":true,"href":"http:\/\/www.muzikekspres.com\/index.php\/wp-json\/wp\/v2\/media\/16683"}],"wp:attachment":[{"href":"http:\/\/www.muzikekspres.com\/index.php\/wp-json\/wp\/v2\/media?parent=16681"}],"wp:term":[{"taxonomy":"category","embeddable":true,"href":"http:\/\/www.muzikekspres.com\/index.php\/wp-json\/wp\/v2\/categories?post=16681"},{"taxonomy":"post_tag","embeddable":true,"href":"http:\/\/www.muzikekspres.com\/index.php\/wp-json\/wp\/v2\/tags?post=16681"}],"curies":[{"name":"wp","href":"https:\/\/api.w.org\/{rel}","templated":true}]}}