{"id":16703,"date":"2021-09-26T02:16:43","date_gmt":"2021-09-25T23:16:43","guid":{"rendered":"http:\/\/www.muzikekspres.com\/index.php\/?p=16703"},"modified":"2021-09-26T02:17:58","modified_gmt":"2021-09-25T23:17:58","slug":"aysay-ben-beklemem","status":"publish","type":"post","link":"http:\/\/www.muzikekspres.com\/index.php\/aysay-ben-beklemem\/","title":{"rendered":"AySay &#8211; Ben Beklemem"},"content":{"rendered":"<p>Danimarkal\u0131 grup AySay, Kas\u0131m ay\u0131nda yay\u0131nlayaca\u011f\u0131 ilk uzun soluklu alb\u00fcm\u00fc Su Akar&#8217;\u0131, 25.\u00a0Eyl\u00fcl&#8217;de yay\u0131nlayaca\u011f\u0131 &#8220;Ben Beklemem&#8221; adl\u0131 teklisiyle duyuruyor.<\/p>\n<p>Daha \u00f6nce, yapt\u0131klar\u0131 T\u00fcrk\u00e7e, K\u00fcrt\u00e7e ve Danca \u00e7al\u0131\u015fmalar\u0131yla ses getiren grup, Danimarka&#8217;da bir \u00e7ok \u00f6d\u00fcle aday g\u00f6sterilmi\u015f, bir \u00e7ok \u00f6nemli sahnede de yer alm\u0131\u015flard\u0131r. Ben beklemem,\u00a0grubun, g\u00fcn\u00fcm\u00fczde Hollanda \u00e7\u0131k\u0131\u015fl\u0131 Alt\u0131n G\u00fcn&#8217;\u00fcn bayra\u011f\u0131n\u0131n ta\u015f\u0131d\u0131\u011f\u0131, zaman\u0131nda Selda Ba\u011fcan\u00a0ve Bar\u0131\u015f Man\u00e7o gibi efsanelerin zirveye g\u00f6t\u00fcrd\u00fc\u011f\u00fc 70&#8217;lerin psych-rock dalgas\u0131ndan esintiler\u00a0sunuyor.<\/p>\n<p>\u015eark\u0131yla ilgili ise vokalist Luna;\u00a0&#8221;Ben beklemem bir ayr\u0131l\u0131k \u015fark\u0131s\u0131 da olsa konserlerimizdeki enerjinin bir yans\u0131mas\u0131. \u015eark\u0131, kalbin\u00a0galip geldi\u011fi sava\u015ftan sonra nihayet kendine duydu\u011fu de\u011ferin ve geri gelen \u00f6zg\u00fcvenin g\u00f6klere\u00a0hayk\u0131r\u0131lmas\u0131 gerekti\u011fini anlat\u0131yor.&#8221; diyor.<\/p>\n<p>Gitarda Carl West Hosbond,<\/p>\n<p>dijital ve analog perk\u00fcsyonlarda Aske D\u00f8ssing Bendixen, vokallerde ve ba\u011flamada ise Luna Er\u015fahin&#8217;in yer ald\u0131\u011f\u0131 grubun Anadolu m\u00fczi\u011fini temelinde\u00a0bar\u0131nd\u0131rmas\u0131n\u0131n sebebi ise, Luna Er\u015fahin&#8217;in k\u00f6klerinin T\u00fcrkiye&#8217;ye dayanmas\u0131ndan ve multi k\u00fclt\u00fcrel bir \u00e7evrede b\u00fcy\u00fcmesinden kaynaklan\u0131yor. Ayr\u0131ca bu \u015fark\u0131da gruba, Ozan Demir\u00a0zurnas\u0131yla e\u015flik ediyor.\u00a0Daha \u00f6nce ayn\u0131 \u015fark\u0131da 3 dile bile yer verebilmi\u015f olan grup, yakla\u015f\u0131k 4 sene \u00f6nce Danimarka\u00a0Devlet kanal\u0131 DR&#8217;de canl\u0131 yay\u0131nlanan konserde, bir halk t\u00fcrk\u00fcm\u00fcz olan &#8221;Ku\u015f Dili&#8221; \u015fark\u0131s\u0131n\u0131 kendi tarz\u0131nda uyarlayarak, Danimarka Krali\u00e7esi ve Ba\u015fbakan&#8217;\u0131 huzurunda konser vermi\u015ftir.<\/p>\n<p>&#8220;Ben beklemem&#8221; teklisinin de bulunaca\u011f\u0131 alb\u00fcm &#8221;Su akar&#8221;, Nordic Notes isimli Alman yap\u0131m\u00a0\u015firketi etiketli olacak. Grubun ilk alb\u00fcmlerinin tan\u0131t\u0131m konserlerini verece\u011fi ba\u015fl\u0131ca sahneler ise\u00a0\u015f\u00f6yle;<\/p>\n<p>Oslo World Festival (Oslo &#8211; NO),<br \/>\nHuset (Kopenhag \u2013 DK), ve Atlas (\u00c5rhus \u2013 DK) gibi \u00f6nemli sahnelerde de yapacak.<\/p>\n<p>&nbsp;<\/p>\n<p><img decoding=\"async\" class=\"aligncenter\" src=\"http:\/\/www.muzikekspres.com\/wp-content\/uploads\/2021\/09\/aysay2.jpg\" \/><\/p>\n<p>&nbsp;<\/p>\n<p><iframe loading=\"lazy\" width=\"620\" height=\"465\" src=\"https:\/\/www.youtube.com\/embed\/RlGD7NZ3DZo?feature=oembed\" frameborder=\"0\" allow=\"accelerometer; autoplay; clipboard-write; encrypted-media; gyroscope; picture-in-picture\" allowfullscreen><\/iframe><\/p>\n<p>&nbsp;<\/p>\n<p><iframe loading=\"lazy\" width=\"100%\" height=\"80\" title=\"Spotify Embed: Ben Beklemem\" frameborder=\"0\" allowfullscreen allow=\"autoplay; clipboard-write; encrypted-media; fullscreen; picture-in-picture\" src=\"https:\/\/open.spotify.com\/embed\/track\/7opHxQcHzj6cVpMYdaI8vu?si=02c2b2fa577341f4\"><\/iframe><\/p>\n<p>&nbsp;<\/p>\n","protected":false},"excerpt":{"rendered":"<p>Danimarkal\u0131 grup AySay, Kas\u0131m ay\u0131nda yay\u0131nlayaca\u011f\u0131 ilk uzun soluklu alb\u00fcm\u00fc Su Akar&#8217;\u0131, 25.\u00a0Eyl\u00fcl&#8217;de yay\u0131nlayaca\u011f\u0131 &#8220;Ben Beklemem&#8221; adl\u0131 teklisiyle duyuruyor. Daha \u00f6nce, yapt\u0131klar\u0131 T\u00fcrk\u00e7e, K\u00fcrt\u00e7e ve Danca \u00e7al\u0131\u015fmalar\u0131yla ses getiren grup, Danimarka&#8217;da bir \u00e7ok \u00f6d\u00fcle aday g\u00f6sterilmi\u015f, bir \u00e7ok \u00f6nemli sahnede de yer alm\u0131\u015flard\u0131r. Ben beklemem,\u00a0grubun, g\u00fcn\u00fcm\u00fczde Hollanda \u00e7\u0131k\u0131\u015fl\u0131 Alt\u0131n G\u00fcn&#8217;\u00fcn bayra\u011f\u0131n\u0131n ta\u015f\u0131d\u0131\u011f\u0131, zaman\u0131nda Selda Ba\u011fcan\u00a0ve &#8230;<\/p>\n","protected":false},"author":1,"featured_media":16701,"comment_status":"open","ping_status":"open","sticky":false,"template":"","format":"standard","meta":[],"categories":[240],"tags":[5218,5219],"_links":{"self":[{"href":"http:\/\/www.muzikekspres.com\/index.php\/wp-json\/wp\/v2\/posts\/16703"}],"collection":[{"href":"http:\/\/www.muzikekspres.com\/index.php\/wp-json\/wp\/v2\/posts"}],"about":[{"href":"http:\/\/www.muzikekspres.com\/index.php\/wp-json\/wp\/v2\/types\/post"}],"author":[{"embeddable":true,"href":"http:\/\/www.muzikekspres.com\/index.php\/wp-json\/wp\/v2\/users\/1"}],"replies":[{"embeddable":true,"href":"http:\/\/www.muzikekspres.com\/index.php\/wp-json\/wp\/v2\/comments?post=16703"}],"version-history":[{"count":3,"href":"http:\/\/www.muzikekspres.com\/index.php\/wp-json\/wp\/v2\/posts\/16703\/revisions"}],"predecessor-version":[{"id":16706,"href":"http:\/\/www.muzikekspres.com\/index.php\/wp-json\/wp\/v2\/posts\/16703\/revisions\/16706"}],"wp:featuredmedia":[{"embeddable":true,"href":"http:\/\/www.muzikekspres.com\/index.php\/wp-json\/wp\/v2\/media\/16701"}],"wp:attachment":[{"href":"http:\/\/www.muzikekspres.com\/index.php\/wp-json\/wp\/v2\/media?parent=16703"}],"wp:term":[{"taxonomy":"category","embeddable":true,"href":"http:\/\/www.muzikekspres.com\/index.php\/wp-json\/wp\/v2\/categories?post=16703"},{"taxonomy":"post_tag","embeddable":true,"href":"http:\/\/www.muzikekspres.com\/index.php\/wp-json\/wp\/v2\/tags?post=16703"}],"curies":[{"name":"wp","href":"https:\/\/api.w.org\/{rel}","templated":true}]}}