{"id":16710,"date":"2021-09-27T12:53:21","date_gmt":"2021-09-27T09:53:21","guid":{"rendered":"http:\/\/www.muzikekspres.com\/index.php\/?p=16710"},"modified":"2021-09-27T12:53:21","modified_gmt":"2021-09-27T09:53:21","slug":"kalben-bilmiyor-icim","status":"publish","type":"post","link":"http:\/\/www.muzikekspres.com\/index.php\/kalben-bilmiyor-icim\/","title":{"rendered":"Kalben &#8211; Bilmiyor \u0130\u00e7im"},"content":{"rendered":"<p><iframe loading=\"lazy\" width=\"620\" height=\"349\" src=\"https:\/\/www.youtube.com\/embed\/WUBlyFKtSgE?feature=oembed\" frameborder=\"0\" allow=\"accelerometer; autoplay; clipboard-write; encrypted-media; gyroscope; picture-in-picture\" allowfullscreen><\/iframe><\/p>\n<p>&nbsp;<\/p>\n<p>Bilmiyor i\u00e7im, bilmiyor desem anlar m\u0131s\u0131n?<\/p>\n<p>Bunca ac\u0131, korku, yokluk, kriz, sava\u015f ve yang\u0131n aras\u0131nda birbirimizi bulmak, birbirimize sar\u0131lmak ve ger\u00e7ekten sevmek m\u00fcmk\u00fcn m\u00fc? Korkmadan, ka\u00e7madan\u2026 Hep yaln\u0131zl\u0131\u011fa s\u0131\u011f\u0131nmadan, ezberledi\u011fimiz gibi tek ba\u015f\u0131m\u0131za g\u00fc\u00e7l\u00fc, mutlu taklidi yapmadan.. K\u0131r\u0131lganl\u0131klar\u0131m\u0131z\u0131, \u00e7ocukluk yaralar\u0131m\u0131z\u0131, ge\u00e7mi\u015ften getirdi\u011fimiz y\u00fckleri birine g\u00f6stermek ve i\u00e7imizi a\u00e7mak ger\u00e7ekten m\u00fcmk\u00fcn m\u00fc?<\/p>\n<p>Kalben, s\u00f6z\u00fc m\u00fczi\u011fi kendine, d\u00fczenlemesi Umut \u00c7etin\u2019e ait Ho\u015f Bir Seda etiketli yeni \u015fark\u0131s\u0131 Bilmiyor \u0130\u00e7im\u2019de bu sorulara yan\u0131t aray\u0131p bulmamay\u0131 se\u00e7en ve sonunda yine \u015fark\u0131s\u0131n\u0131 s\u00f6yleyerek hafifleyen ozan taraf\u0131nda duruyor.<\/p>\n<p>\u015eark\u0131n\u0131n d\u00fczenlemesinde bu melankoli ve umut yitimini zarif bir ustal\u0131kla ortaya \u00e7\u0131karan Umut \u00c7etin\u2019e \u00d6zg\u00fcr \u00c7\u0131t\u0131r\u2019\u0131n kendine has gitar soundu e\u015flik ediyor. Berkay K\u00fc\u00e7\u00fckba\u015flar\u2019\u0131n davulda var etti\u011fi lo-fi atmosfer, \u015fark\u0131n\u0131n yaln\u0131zl\u0131\u011fa olan ba\u011f\u0131ml\u0131l\u0131\u011f\u0131n\u0131 itiraf eden \u00e7ocuksu taraf\u0131yla b\u00fct\u00fcnle\u015fir nitelikte.<\/p>\n<p>Kalben her \u015fark\u0131s\u0131nda m\u00fczi\u011finin ve kendinin \u00f6z\u00fcne dair yeni bir yer ke\u015ffetmeye incelikle devam ediyor.<\/p>\n<p>Y\u00f6netmenli\u011fini ve foto\u011fraflar\u0131n\u0131 Dilan Bozyel\u2019in yapt\u0131\u011f\u0131 video klipte, Devlet Opera ve Balesi M\u00fcd\u00fcrl\u00fc\u011f\u00fc\u2019n\u00fcn ba\u015f dans\u00e7\u0131lar\u0131ndan, d\u00fcnyaca tan\u0131nm\u0131\u015f balet Erhan G\u00fczel de Bilmiyor \u0130\u00e7im\u2019de Kalben ile ba\u015frolde. Yard\u0131mc\u0131 Y\u00f6netmenli\u011fini \u00c7isem Baydar \u00c7etinkaya\u2019n\u0131n yapt\u0131\u011f\u0131 video klipte kullan\u0131lan kost\u00fcmlerin tasar\u0131mlar\u0131n\u0131 Kadir K\u0131l\u0131\u00e7 yapt\u0131.<\/p>\n<p>&nbsp;<\/p>\n<p style=\"text-align: center;\">S\u00f6z ve M\u00fczik: Kalben<\/p>\n<p style=\"text-align: center;\">Yap\u0131mc\u0131: Ho\u015f Bir Seda<\/p>\n<p style=\"text-align: center;\">D\u00fczenleme: Umut \u00c7etin<\/p>\n<p style=\"text-align: center;\">\u00d6zg\u00fcr \u00c7\u0131t\u0131r: Elektrik gitar, Akustik gitar<\/p>\n<p style=\"text-align: center;\">Berkay K\u00fc\u00e7\u00fckba\u015flar: Davul, Perk\u00fcsyon<\/p>\n<p style=\"text-align: center;\">Umut \u00c7etin: Bas gitar, Synth, Akustik gitar<\/p>\n<p style=\"text-align: center;\">Kay\u0131t: \u015een Bakkal St\u00fcdyolar\u0131<\/p>\n<p style=\"text-align: center;\">Mix: Umut \u00c7etin<\/p>\n<p style=\"text-align: center;\">Mastering: Ahmet G\u00f6khan Co\u015fkun<\/p>\n<p style=\"text-align: center;\">Kapak k\u00fcnyesi:<\/p>\n<p style=\"text-align: center;\">Kapak \u00e7al\u0131\u015fmas\u0131: Senta Urgan<\/p>\n<p style=\"text-align: center;\">Kapak tasar\u0131m\u0131: Volkan \u00d6lmez<\/p>\n<p style=\"text-align: center;\">Klip k\u00fcnyesi:<\/p>\n<p style=\"text-align: center;\">Y\u00f6netmen: Dilan Bozyel<\/p>\n<p>&nbsp;<\/p>\n<p>&nbsp;<\/p>\n<p><iframe loading=\"lazy\" width=\"100%\" height=\"80\" title=\"Spotify Embed: Bilmiyor \u0130\u00e7im\" frameborder=\"0\" allowfullscreen allow=\"autoplay; clipboard-write; encrypted-media; fullscreen; picture-in-picture\" src=\"https:\/\/open.spotify.com\/embed\/track\/7sLqFPocEFLYdtDrS2G4Qp?si=7a4a571301a64a6b\"><\/iframe><\/p>\n","protected":false},"excerpt":{"rendered":"<p>&nbsp; Bilmiyor i\u00e7im, bilmiyor desem anlar m\u0131s\u0131n? Bunca ac\u0131, korku, yokluk, kriz, sava\u015f ve yang\u0131n aras\u0131nda birbirimizi bulmak, birbirimize sar\u0131lmak ve ger\u00e7ekten sevmek m\u00fcmk\u00fcn m\u00fc? Korkmadan, ka\u00e7madan\u2026 Hep yaln\u0131zl\u0131\u011fa s\u0131\u011f\u0131nmadan, ezberledi\u011fimiz gibi tek ba\u015f\u0131m\u0131za g\u00fc\u00e7l\u00fc, mutlu taklidi yapmadan.. K\u0131r\u0131lganl\u0131klar\u0131m\u0131z\u0131, \u00e7ocukluk yaralar\u0131m\u0131z\u0131, ge\u00e7mi\u015ften getirdi\u011fimiz y\u00fckleri birine g\u00f6stermek ve i\u00e7imizi a\u00e7mak ger\u00e7ekten m\u00fcmk\u00fcn m\u00fc? Kalben, s\u00f6z\u00fc m\u00fczi\u011fi &#8230;<\/p>\n","protected":false},"author":1,"featured_media":16711,"comment_status":"open","ping_status":"open","sticky":false,"template":"","format":"standard","meta":[],"categories":[484,240],"tags":[5222,443],"_links":{"self":[{"href":"http:\/\/www.muzikekspres.com\/index.php\/wp-json\/wp\/v2\/posts\/16710"}],"collection":[{"href":"http:\/\/www.muzikekspres.com\/index.php\/wp-json\/wp\/v2\/posts"}],"about":[{"href":"http:\/\/www.muzikekspres.com\/index.php\/wp-json\/wp\/v2\/types\/post"}],"author":[{"embeddable":true,"href":"http:\/\/www.muzikekspres.com\/index.php\/wp-json\/wp\/v2\/users\/1"}],"replies":[{"embeddable":true,"href":"http:\/\/www.muzikekspres.com\/index.php\/wp-json\/wp\/v2\/comments?post=16710"}],"version-history":[{"count":1,"href":"http:\/\/www.muzikekspres.com\/index.php\/wp-json\/wp\/v2\/posts\/16710\/revisions"}],"predecessor-version":[{"id":16712,"href":"http:\/\/www.muzikekspres.com\/index.php\/wp-json\/wp\/v2\/posts\/16710\/revisions\/16712"}],"wp:featuredmedia":[{"embeddable":true,"href":"http:\/\/www.muzikekspres.com\/index.php\/wp-json\/wp\/v2\/media\/16711"}],"wp:attachment":[{"href":"http:\/\/www.muzikekspres.com\/index.php\/wp-json\/wp\/v2\/media?parent=16710"}],"wp:term":[{"taxonomy":"category","embeddable":true,"href":"http:\/\/www.muzikekspres.com\/index.php\/wp-json\/wp\/v2\/categories?post=16710"},{"taxonomy":"post_tag","embeddable":true,"href":"http:\/\/www.muzikekspres.com\/index.php\/wp-json\/wp\/v2\/tags?post=16710"}],"curies":[{"name":"wp","href":"https:\/\/api.w.org\/{rel}","templated":true}]}}