{"id":18624,"date":"2022-03-19T12:17:19","date_gmt":"2022-03-19T09:17:19","guid":{"rendered":"http:\/\/www.muzikekspres.com\/index.php\/?p=18624"},"modified":"2022-03-19T12:33:09","modified_gmt":"2022-03-19T09:33:09","slug":"ece-sermet-sessizce","status":"publish","type":"post","link":"http:\/\/www.muzikekspres.com\/index.php\/ece-sermet-sessizce\/","title":{"rendered":"Ece \u015eermet &#8211; Sessizce"},"content":{"rendered":"<p>Ece \u015eermet\u2019in ilk teklisi \u201cSessizce\u201d \u00e7\u0131kt\u0131.<\/p>\n<p>Sessizce, caz t\u0131n\u0131lar\u0131n\u0131n ve do\u011fa\u00e7lamalar\u0131n\u0131n \u00e7ok katmanl\u0131 elektronik bir altyap\u0131 ile harmanland\u0131\u011f\u0131 masals\u0131 bir m\u00fczik sunuyor dinleyenlere. \u015eark\u0131n\u0131n s\u00f6zleri ise m\u00fczisyenin pandemi s\u00fcresinde hissetti\u011fi karma\u015f\u0131k duygular\u0131 kaleme al\u0131yor.<\/p>\n<p>Eserin s\u00f6z\u00fc ve bestesi Ece \u015eermet\u2019e, d\u00fczenlemesi ise Adem G\u00fcl\u015fen\u2019e ait. Tekli, trompette Bar\u0131\u015f Do\u011fukan Yaz\u0131c\u0131, bas gitarda Orhan Deniz, davul ve mix\u2019te Derin Bayhan, mastering\u2019de Demirhan Baylan ve tu\u015flu \u00e7alg\u0131larda Adem G\u00fcl\u015fen imzas\u0131 ta\u015f\u0131yor.<\/p>\n<p>\u015eark\u0131n\u0131n Ayval\u0131k\u2019ta \u00e7ekilen klibi Ece \u015eermet\u2019in \u0130stanbul\u2019dan Ayval\u0131k\u2019a ta\u015f\u0131nma hik\u00e2yesinden yola \u00e7\u0131k\u0131larak kurguland\u0131. Klip y\u00f6netmenli\u011fini ise Cem Hakverdi \u00fcstlendi.<\/p>\n<p>M\u00fczik hayat\u0131na k\u00fc\u00e7\u00fck ya\u015fta piyano ile ba\u015flayan ve Mimar Sinan G\u00fczel Sanatlar \u00dcniversitesi Konservatuvar\u0131 yar\u0131 zamanl\u0131 viyolonsel b\u00f6l\u00fcm\u00fcnden mezun olan Ece \u015eermet, ilerleyen y\u0131llarda ilgi duydu\u011fu caz m\u00fczi\u011fine y\u00f6nelmi\u015f ve Sibel K\u00f6se, Elif \u00c7a\u011flar ile caz vokal, Randy Esen ile caz m\u00fczi\u011finde do\u011fa\u00e7lama teknikleri, G\u00fc\u00e7 Ba\u015far G\u00fclle ile caz armonisi \u00e7al\u0131\u015fm\u0131\u015ft\u0131r. Son on y\u0131ld\u0131r aktif olarak caz sahnesinde yer alan m\u00fczisyen, \u0130stanbul Jazz Center, Nardis, The Badau gibi se\u00e7kin caz kul\u00fcplerinde ve festivallerde konserler vermeye devam etmektedir.<\/p>\n<p>&nbsp;<\/p>\n<p><iframe loading=\"lazy\" width=\"620\" height=\"349\" src=\"https:\/\/www.youtube.com\/embed\/RfDdtfPnA2Y?feature=oembed\" frameborder=\"0\" allow=\"accelerometer; autoplay; clipboard-write; encrypted-media; gyroscope; picture-in-picture\" allowfullscreen><\/iframe><\/p>\n<p>&nbsp;<\/p>\n<p><iframe loading=\"lazy\" style=\"border-radius: 12px\" width=\"100%\" height=\"80\" title=\"Spotify Embed: Sessizce\" frameborder=\"0\" allowfullscreen allow=\"autoplay; clipboard-write; encrypted-media; fullscreen; picture-in-picture\" src=\"https:\/\/open.spotify.com\/embed\/track\/1wyyVpdBL3ByNyZxBYZKZq?si=cf2390716dd34361&#038;utm_source=oembed\"><\/iframe><\/p>\n<p>&nbsp;<\/p>\n","protected":false},"excerpt":{"rendered":"<p>Ece \u015eermet\u2019in ilk teklisi \u201cSessizce\u201d \u00e7\u0131kt\u0131. Sessizce, caz t\u0131n\u0131lar\u0131n\u0131n ve do\u011fa\u00e7lamalar\u0131n\u0131n \u00e7ok katmanl\u0131 elektronik bir altyap\u0131 ile harmanland\u0131\u011f\u0131 masals\u0131 bir m\u00fczik sunuyor dinleyenlere. \u015eark\u0131n\u0131n s\u00f6zleri ise m\u00fczisyenin pandemi s\u00fcresinde hissetti\u011fi karma\u015f\u0131k duygular\u0131 kaleme al\u0131yor. Eserin s\u00f6z\u00fc ve bestesi Ece \u015eermet\u2019e, d\u00fczenlemesi ise Adem G\u00fcl\u015fen\u2019e ait. Tekli, trompette Bar\u0131\u015f Do\u011fukan Yaz\u0131c\u0131, bas gitarda Orhan Deniz, davul &#8230;<\/p>\n","protected":false},"author":1,"featured_media":18625,"comment_status":"open","ping_status":"open","sticky":false,"template":"","format":"standard","meta":[],"categories":[240],"tags":[],"_links":{"self":[{"href":"http:\/\/www.muzikekspres.com\/index.php\/wp-json\/wp\/v2\/posts\/18624"}],"collection":[{"href":"http:\/\/www.muzikekspres.com\/index.php\/wp-json\/wp\/v2\/posts"}],"about":[{"href":"http:\/\/www.muzikekspres.com\/index.php\/wp-json\/wp\/v2\/types\/post"}],"author":[{"embeddable":true,"href":"http:\/\/www.muzikekspres.com\/index.php\/wp-json\/wp\/v2\/users\/1"}],"replies":[{"embeddable":true,"href":"http:\/\/www.muzikekspres.com\/index.php\/wp-json\/wp\/v2\/comments?post=18624"}],"version-history":[{"count":3,"href":"http:\/\/www.muzikekspres.com\/index.php\/wp-json\/wp\/v2\/posts\/18624\/revisions"}],"predecessor-version":[{"id":18629,"href":"http:\/\/www.muzikekspres.com\/index.php\/wp-json\/wp\/v2\/posts\/18624\/revisions\/18629"}],"wp:featuredmedia":[{"embeddable":true,"href":"http:\/\/www.muzikekspres.com\/index.php\/wp-json\/wp\/v2\/media\/18625"}],"wp:attachment":[{"href":"http:\/\/www.muzikekspres.com\/index.php\/wp-json\/wp\/v2\/media?parent=18624"}],"wp:term":[{"taxonomy":"category","embeddable":true,"href":"http:\/\/www.muzikekspres.com\/index.php\/wp-json\/wp\/v2\/categories?post=18624"},{"taxonomy":"post_tag","embeddable":true,"href":"http:\/\/www.muzikekspres.com\/index.php\/wp-json\/wp\/v2\/tags?post=18624"}],"curies":[{"name":"wp","href":"https:\/\/api.w.org\/{rel}","templated":true}]}}