{"id":20068,"date":"2022-10-15T19:59:54","date_gmt":"2022-10-15T16:59:54","guid":{"rendered":"http:\/\/www.muzikekspres.com\/index.php\/?p=20068"},"modified":"2022-10-15T21:24:07","modified_gmt":"2022-10-15T18:24:07","slug":"gazi-tip-muzisyenleri-ben-dun-gece-oldum","status":"publish","type":"post","link":"http:\/\/www.muzikekspres.com\/index.php\/gazi-tip-muzisyenleri-ben-dun-gece-oldum\/","title":{"rendered":"Gazi T\u0131p M\u00fczisyenleri &#8211; Ben D\u00fcn Gece \u00d6ld\u00fcm"},"content":{"rendered":"<p><iframe loading=\"lazy\" width=\"620\" height=\"349\" src=\"https:\/\/www.youtube.com\/embed\/Zz3ApfcIKSI?feature=oembed\" frameborder=\"0\" allow=\"accelerometer; autoplay; clipboard-write; encrypted-media; gyroscope; picture-in-picture\" allowfullscreen title=\"Gazi T\u0131p M\u00fczisyenleri - Ben D\u00fcn Gece \u00d6ld\u00fcm (Official Video) #bend\u00fcngece\u00f6ld\u00fcm\"><\/iframe><\/p>\n<p>&nbsp;<\/p>\n<p>Gazi T\u0131p M\u00fczisyenlerinden Kad\u0131na \u015eiddete dikkat \u00e7eken \u015fark\u0131: \u201cBen D\u00fcn Gece \u00d6ld\u00fcm\u201d<\/p>\n<p>Gazi T\u0131p M\u00fczisyenleri\u2019nin sosyal sorumluluk projesi olarak kaydettikleri ve kad\u0131na \u015fiddete dikkat \u00e7ekmeyi ama\u00e7layan \u015fark\u0131lar\u0131 \u201cBen D\u00fcn Gece \u00d6ld\u00fcm\u201d, On Air Music Co. markas\u0131yla yay\u0131mland\u0131.<\/p>\n<p>Gazi \u00dcniversitesi T\u0131p Fak\u00fcltesi \u00f6\u011frencilerinin kurdu\u011fu m\u00fczik kul\u00fcb\u00fcn\u00fcn toplumsal konularda fark\u0131ndal\u0131k yaratmak i\u00e7in yapt\u0131klar\u0131 \u015fark\u0131 sonras\u0131 a\u00e7\u0131klamalar\u0131 \u015f\u00f6yle:<\/p>\n<p>\u201cGazi \u00dcniversitesi T\u0131p Fak\u00fcltesi \u00f6\u011frencileri ve \u00fclkemizin ayd\u0131nl\u0131k y\u00fcz\u00fc olmaya \u00e7abalayan gen\u00e7leri olarak, belli konularda fark\u0131ndal\u0131k yaratmay\u0131 kendimize ama\u00e7 edindik ve bunu gelenekselle\u015ftiriyoruz. 2021 y\u0131l\u0131nda amac\u0131m\u0131z \u201cSa\u011fl\u0131k \u00e7al\u0131\u015fanlar\u0131na \u015fiddet\u201d konusuna dikkat \u00e7ekmekti.<\/p>\n<p>Bu sene de kad\u0131n cinayetlerine ve kad\u0131na \u015fiddete fark\u0131ndal\u0131k yaratmak amac\u0131yla bestesinden s\u00f6zlerine, klip \u00e7ekimlerinden ses kay\u0131tlar\u0131na tamamen bize ait olan bir proje haz\u0131rlad\u0131k.\u201d<\/p>\n<p>Gelece\u011fin doktorlar\u0131n\u0131n, \u00f6\u011frencilik ya\u015famlar\u0131nda da sanat dallar\u0131yla ilgilenmeye devam etmelerinin \u00f6nemiyle birlikte; bunu sosyal sorumluluk projesiyle birle\u015ftirme ba\u015far\u0131s\u0131n\u0131 g\u00f6steren yeni \u015fark\u0131lar\u0131 \u201cBen D\u00fcn Gece \u00d6ld\u00fcm\u201d\u00fc dijital m\u00fczik servislerinden dinleyebilir, klibini On Air Music Co. YouTube kanal\u0131ndan izleyebilirsiniz.<\/p>\n<p>&nbsp;<\/p>\n<h5>Edit\u00f6r\u00fcn Notu:<\/h5>\n<p>On Air M\u00fczik&#8217;in yay\u0131nlad\u0131\u011f\u0131 her alb\u00fcm, single ya da proje ku\u015fkusuz ki alternatif m\u00fczi\u011fin ruhunu koruyor ve kulak vermeden ge\u00e7emiyorsunuz. Bir s\u00fcre \u00f6nce Gazi T\u0131p Fak\u00fcltesi \u00f6\u011frencilerinin m\u00fczikle bir fark\u0131ndal\u0131k projesi sunacaklar\u0131n\u0131 duydu\u011fumda ne yalan s\u00f6yleyeyim b\u00f6ylesi bir \u00e7al\u0131\u015fma beklemiyordum. 1.s\u0131n\u0131f \u00f6\u011frencisi Sadullah Berk&#8217;in besteledi\u011fi ve d\u00fczenledi\u011fi ki ses rengini de \u00e7ok sevdim bu \u00e7al\u0131\u015fmada farkl\u0131 s\u0131n\u0131flardan m\u00fczisyenler sesleri ve enstr\u00fcmanlar\u0131 ile adeta profesyonel m\u00fczisyenlere meydan okuyorlar. Hani elbette doktorlara da ihtiyac\u0131m\u0131z var ama i\u00e7lerinde ger\u00e7ekten yar\u0131n &#8211; \u00f6b\u00fcr g\u00fcn kar\u015f\u0131la\u015faca\u011f\u0131m\u0131z m\u00fczisyenler \u00e7\u0131kabilir, \u015fa\u015f\u0131rmayal\u0131m. \u015eark\u0131n\u0131n toplumsal mesaj\u0131n\u0131 da d\u00fc\u015f\u00fcnd\u00fc\u011f\u00fcm\u00fczde elinize, eme\u011finize sa\u011fl\u0131k demek ve alk\u0131\u015flamak istiyorum kalplerini.<\/p>\n<p>&nbsp;<\/p>\n<p><iframe style=\"border-radius: 12px\" width=\"100%\" height=\"152\" title=\"Spotify Embed: Ben D\u00fcn Gece \u00d6ld\u00fcm\" frameborder=\"0\" allowfullscreen allow=\"autoplay; clipboard-write; encrypted-media; fullscreen; picture-in-picture\" loading=\"lazy\" src=\"https:\/\/open.spotify.com\/embed\/track\/7sf10iSkJbAORcd44Rqt2p?si=a558261fd7e94bb4&#038;utm_source=oembed\"><\/iframe><\/p>\n","protected":false},"excerpt":{"rendered":"<p>&nbsp; Gazi T\u0131p M\u00fczisyenlerinden Kad\u0131na \u015eiddete dikkat \u00e7eken \u015fark\u0131: \u201cBen D\u00fcn Gece \u00d6ld\u00fcm\u201d Gazi T\u0131p M\u00fczisyenleri\u2019nin sosyal sorumluluk projesi olarak kaydettikleri ve kad\u0131na \u015fiddete dikkat \u00e7ekmeyi ama\u00e7layan \u015fark\u0131lar\u0131 \u201cBen D\u00fcn Gece \u00d6ld\u00fcm\u201d, On Air Music Co. markas\u0131yla yay\u0131mland\u0131. Gazi \u00dcniversitesi T\u0131p Fak\u00fcltesi \u00f6\u011frencilerinin kurdu\u011fu m\u00fczik kul\u00fcb\u00fcn\u00fcn toplumsal konularda fark\u0131ndal\u0131k yaratmak i\u00e7in yapt\u0131klar\u0131 \u015fark\u0131 sonras\u0131 a\u00e7\u0131klamalar\u0131 &#8230;<\/p>\n","protected":false},"author":2,"featured_media":20069,"comment_status":"open","ping_status":"open","sticky":false,"template":"","format":"standard","meta":[],"categories":[484],"tags":[6315,6314],"_links":{"self":[{"href":"http:\/\/www.muzikekspres.com\/index.php\/wp-json\/wp\/v2\/posts\/20068"}],"collection":[{"href":"http:\/\/www.muzikekspres.com\/index.php\/wp-json\/wp\/v2\/posts"}],"about":[{"href":"http:\/\/www.muzikekspres.com\/index.php\/wp-json\/wp\/v2\/types\/post"}],"author":[{"embeddable":true,"href":"http:\/\/www.muzikekspres.com\/index.php\/wp-json\/wp\/v2\/users\/2"}],"replies":[{"embeddable":true,"href":"http:\/\/www.muzikekspres.com\/index.php\/wp-json\/wp\/v2\/comments?post=20068"}],"version-history":[{"count":6,"href":"http:\/\/www.muzikekspres.com\/index.php\/wp-json\/wp\/v2\/posts\/20068\/revisions"}],"predecessor-version":[{"id":20076,"href":"http:\/\/www.muzikekspres.com\/index.php\/wp-json\/wp\/v2\/posts\/20068\/revisions\/20076"}],"wp:featuredmedia":[{"embeddable":true,"href":"http:\/\/www.muzikekspres.com\/index.php\/wp-json\/wp\/v2\/media\/20069"}],"wp:attachment":[{"href":"http:\/\/www.muzikekspres.com\/index.php\/wp-json\/wp\/v2\/media?parent=20068"}],"wp:term":[{"taxonomy":"category","embeddable":true,"href":"http:\/\/www.muzikekspres.com\/index.php\/wp-json\/wp\/v2\/categories?post=20068"},{"taxonomy":"post_tag","embeddable":true,"href":"http:\/\/www.muzikekspres.com\/index.php\/wp-json\/wp\/v2\/tags?post=20068"}],"curies":[{"name":"wp","href":"https:\/\/api.w.org\/{rel}","templated":true}]}}