{"id":2279,"date":"2015-01-13T19:26:03","date_gmt":"2015-01-13T17:26:03","guid":{"rendered":"http:\/\/www.muzikekspres.com\/?p=2279"},"modified":"2016-04-27T13:56:30","modified_gmt":"2016-04-27T10:56:30","slug":"anna-phoebe","status":"publish","type":"post","link":"http:\/\/www.muzikekspres.com\/index.php\/anna-phoebe\/","title":{"rendered":"Anna Phoebe"},"content":{"rendered":"<h5>\u201cBetween The Shadow And The Soul\u201d yeni alb\u00fcm\u00fcn\u00fcz ve ge\u00e7ti\u011fimiz g\u00fcnlerde yay\u0131nland\u0131. Alb\u00fcme do\u011fru d\u00fcnden bug\u00fcne gelelim istiyorum ve \u00f6ncelikle k\u00fc\u00e7\u00fck ya\u015flarda keman ile tan\u0131\u015ft\u0131\u011f\u0131n\u0131z\u0131 \u00f6\u011freniyorum. Nas\u0131l ba\u015flad\u0131 bu arkada\u015fl\u0131k, ilk bulu\u015fman\u0131z ilk heyecan\u0131n\u0131z nas\u0131ld\u0131?<\/h5>\n<h5>\u201cBetween The Shadow And The Soul\u201d is your new album and it has been released few weeks ago. I want to come from the past to the present towards this album and firstly I see that you met violin at very early ages. How did this friendship start, how was your first meeting? And your first sensation?<\/h5>\n<p>Annem durmaks\u0131z\u0131n keman \u00e7alard\u0131, dolay\u0131s\u0131yla kemanla ili\u015fkim daha ben do\u011fmadan ba\u015flad\u0131. Annem bana hamileyken amat\u00f6r orkestralarda \u00e7al\u0131p babam\u0131n da bulundu\u011fu bir grupla k\u00fc\u00e7\u00fck konserler veriyordu. Keman \u00e7almaya yedi ya\u015f\u0131nda ba\u015flad\u0131m, \u00e7al\u0131\u015fman\u0131n \u00f6nemini ve gereklili\u011fini tam olarak kavray\u0131ncaya dek annem \u00e7almama izin vermedi. Her g\u00fcn biraz olsun \u00e7al\u0131\u015faca\u011f\u0131ma dair onunla bir anla\u015fma yapmak zorunda kald\u0131m. \u0130lk keman hocam annemdi fakat bu durum uzun s\u00fcrmedi. \u00c7ok kavga ediyorduk! Baz\u0131 \u015feyleri \u00e7ok iyi hat\u0131rl\u0131yorum. Mesela &#8216;vibrato&#8217; \u00e7almay\u0131 ba\u015fard\u0131\u011f\u0131m zaman ya da k\u0131rm\u0131z\u0131 renkli yeni ayakkab\u0131lar\u0131m\u0131 giyip \u00e7\u0131kt\u0131\u011f\u0131m sahnede ayakta alk\u0131\u015fland\u0131\u011f\u0131m ilk performans\u0131m gibi \u015feyleri \u00e7ok iyi hat\u0131rl\u0131yorum. Keman benim i\u00e7in her zaman duygular\u0131m\u0131 ifade etmenin bir yolu oldu. Hislerimi d\u0131\u015fa vurman\u0131n bir \u015fekli.<\/p>\n<p>My mother has always played the violin and so I began my relationship from before I was born \u2013 while she was pregnant with me she was playing in amateur orchestras and doing small gigs in a band with my father. I started playing when i was 7, my other didn\u2019t allow me to play until i appreciated and resepcted the need for practice \u2013 I had to make a deal with her that i would practice a bit every day. She was my first teacher but that didn\u2019t last long \u2013 we had too many arguments! I have a few early memories of playing which are very vivid \u2013 the moment I mastered \u2018vibrato\u2019, and my first performance where I wore my new red shoes and got a standing ovation. The violin was always an emotional outlet for me \u2013 something to release my feelings.<\/p>\n<h5><a rel=\"prettyPhoto\" href=\"http:\/\/www.muzikekspres.com\/wp-content\/uploads\/2015\/01\/soylesi-anna-phoebe00.jpg\" title=\"Anna Phoebe\"><img decoding=\"async\" class=\"alignnone size-full wp-image-721\" src=\"http:\/\/www.muzikekspres.com\/wp-content\/uploads\/2015\/01\/soylesi-anna-phoebe00.jpg\" alt=\"Anna Phoebe\" \/><\/a><\/h5>\n<h5>Daha sonras\u0131nda bu dostlu\u011fu nas\u0131l bir e\u011fitim s\u00fcreci izledi, tamamen yola m\u00fczikle devam edece\u011finiz art\u0131k kesindi, o ilk profesyonel ad\u0131mlar nas\u0131l at\u0131ld\u0131, kimler ilk yolculu\u011funuzda sizin yan\u0131n\u0131zdayd\u0131, deste\u011finizdi?<\/h5>\n<h5>After that what kind of an education process followed this friendship? It was certain that you would continue to journey with music. How were those first professional steps taken? Who were your first supporters during this journey?<\/h5>\n<p>Profesyonel olarak keman \u00e7almay\u0131 yani bunu meslek olarak yapmay\u0131 hi\u00e7bir zaman istemedim. Ailem de ben de g\u00fcnde sekiz saat \u00e7al\u0131\u015fan bir \u00e7ocuk olmam i\u00e7in yeteri kadar rekabet\u00e7i ve disiplinli de\u011fildik. Kemanla olan ili\u015fkim bu t\u00fcrden de\u011fildi. Keman \u00e7almak benim i\u00e7in keyif almak i\u00e7in ilgilendi\u011fim ders d\u0131\u015f\u0131 bir hobiydi. Okulda ald\u0131\u011f\u0131m m\u00fczik bursu bile kariyere at\u0131lan ilk ad\u0131mdan ziyade okul taksitlerini \u00f6deyebilmek a\u00e7\u0131s\u0131ndan \u00f6nemliydi benim i\u00e7in. Politikac\u0131 olmak istiyordum, e\u011fitimimi London School of Economics&#8217;de tamamlad\u0131m. Bo\u015f zamanlar\u0131mda m\u00fczik yap\u0131yor, gruplarla \u00e7al\u0131yor ve bir g\u00f6steri merkezinde ev sahipli\u011fi\/sunuculuk yap\u0131yordum. Hepsi keyif almak i\u00e7indi. Para almadan gruplar i\u00e7in kay\u0131tlara girmeye ba\u015flad\u0131m ve olabildi\u011fince farkl\u0131 ki\u015filerle \u00e7ald\u0131m. Daha sonra 22 ya\u015f\u0131nda, \u00fcniversiteden hen\u00fcz ayr\u0131lm\u0131\u015fken Trans Siberian Orkestras\u0131 ile bir turneye \u00e7\u0131kt\u0131m. Turne sayesinde tam zamanl\u0131 bir m\u00fczisyen oldum ve ofiste \u00e7al\u0131\u015fma zorunlulu\u011fundan tamamen kurtuldum. Ailem ve e\u015fim o zamanlar\u0131mda hep destek oldular. Bu durumun elbette \u00e7ok faydas\u0131 var ancak bir\u00e7ok \u015fey yine sizde bitiyor. Ne kadar h\u0131rsl\u0131s\u0131n\u0131z? Ne kadar isteklisiniz? Bu i\u015f i\u00e7in ne kadar \u00e7al\u0131\u015f\u0131yorsunuz? En nihayetinde seyahat eden bir m\u00fczisyen olmak sizi yaln\u0131zl\u0131\u011fa hapsediyor. Y\u0131l\u0131n sekiz ay\u0131n\u0131 seyahat ile ge\u00e7iriyordum dostlar\u0131mdan ve ailemden uzak kalarak. Alt\u0131 y\u0131l boyunca Noel&#8217;i evimden uzakta ge\u00e7irdim. Ancak hi\u00e7birinden \u00f6t\u00fcr\u00fc pi\u015fmanl\u0131k duymuyorum. Bu inan\u0131lmaz bir deneyim ancak bir hayat bi\u00e7imi olarak kendinizi bu i\u015fe adad\u0131\u011f\u0131n\u0131z zaman olduk\u00e7a zor gelebiliyor.<\/p>\n<p>I never wanted to play violin professionally. Neither my parents or I were competitive, disciplined or motivated enough for me to be a child who practised 8 hours a day. This was not my relationship with the violin. It was always an extra curricular hobby that i did for enjoyment. Even when I got music scholarship to my school, it was about helping to pay with my school fees rather than the first step towards a career. I wanted to be a politican and studied at the London School of Economics. I did music in my spare time, playing with bands and hosting at a music venue. It was always something for enjoyment. I started recording for bands for free and played with as many different people as possible. Then when i was 22 and had just left university I got a tour with the Trans Siberian Orchestra \u2013 this tour enabled me to be a full time musician and I never had to work in an office again! My parents and my partner at the time were all supportive which helps \u2013 but really it comes down to you as a person \u2013 how much drive and ambition you have, and how much hard work you are willing to put into it. Ultimately, being a touring musician can be quite lonely \u2013 i was spending up to 8 months of the year traveling &#8211; away from friends and family, and for 6 years running I spent Christmas away. I don\u2019t regret any of it \u2013 it is an incredible experience, but it can be tough if you commit to this being your life.<\/p>\n<p><iframe loading=\"lazy\" width=\"620\" height=\"465\" src=\"https:\/\/www.youtube.com\/embed\/CAKED6HBIqU?feature=oembed\" frameborder=\"0\" allowfullscreen><\/iframe><\/p>\n<h5>Bu s\u00fcre\u00e7 i\u00e7inde bir\u00e7ok \u00f6nemli m\u00fczisyenle tan\u0131\u015ft\u0131n\u0131z, \u00e7al\u0131\u015fma \u015fans\u0131n\u0131 buldunuz, beraberinde bir\u00e7ok \u00f6nemli konserde \/ festivalde sahne ald\u0131n\u0131z. Jethro Tull, Trans Siberian Orkestras\u0131, Jon Lord ile birlikte al\u0131nan sahneler \u00f6zellikle heyecan verici olmal\u0131, ad\u0131n\u0131za nas\u0131l bir deneyimdi, nas\u0131l bir yolculuktu bu \u00e7al\u0131\u015fmalar?<\/h5>\n<h5>During this period you met many important musicians and worked with them. Nevertheless you performed in many important concerts \/ festivals. Performing with Jethro Tull, Trans Siberian Orchestra, Jon Lord may especially be mind-blowing. What kind of an experience were these?<\/h5>\n<p>B\u00fct\u00fcn bunlar\u0131 deneyimleri ya\u015fad\u0131\u011f\u0131m ve her birinden \u00e7ok \u015fey \u00f6\u011frendi\u011fim i\u00e7in kendimi \u00e7ok \u015fansl\u0131 ve ayr\u0131cal\u0131kl\u0131 hissediyorum. Ian Anderson benim i\u00e7in hem iyi bir arkada\u015f hem de iyi bir hoca oldu, ona b\u00fcy\u00fck bir hayranl\u0131k duyuyorum. K\u0131rk y\u0131ll\u0131k kariyerinde onun kadar ba\u015far\u0131l\u0131 olan kim olursa olsun inan\u0131lmaz geliyor. Ancak onun adanm\u0131\u015fl\u0131\u011f\u0131n\u0131 ve durmak bilmeyen \u00e7al\u0131\u015fmas\u0131n\u0131 g\u00f6rd\u00fc\u011f\u00fcn\u00fcz zaman bir kez daha anl\u0131yorsunuz ki bu i\u015f ancak tamamen kendini adamak ile m\u00fcmk\u00fcn oluyor. Trans Siberian Orkestras\u0131 insan\u0131n akl\u0131n\u0131 ba\u015f\u0131ndan alan bir tecr\u00fcbeydi. M\u00fczik a\u00e7\u0131s\u0131ndan bir katk\u0131m olmamas\u0131na ra\u011fmen bu ailenin bir par\u00e7as\u0131 olarak \u00f6\u011frendi\u011fim \u015feyler asla unutulmayacak t\u00fcrden. Dev bir arenada dev bir yap\u0131mda \u00e7alma f\u0131rsat\u0131 \u00e7o\u011fu m\u00fczisyenin hayalidir. Ancak tekrar belirtmek isterim ki \u00e7ok say\u0131da g\u00f6steri yapt\u0131\u011f\u0131n\u0131z uzun turneler (10 haftada neredeyse 70 g\u00f6steri) sahte bir cazibe ya da ge\u00e7ici bir rock y\u0131ld\u0131z\u0131 olma i\u015fi de\u011fil. \u00c7ok zor ve yorucu bir i\u015f. Jon Lord tam anlam\u0131yla bir azizdi. Onunla \u00e7almak bana bir insan olarak b\u00fcy\u00fcd\u00fc\u011f\u00fcm\u00fc hissettirdi ve beni bug\u00fcn bulundu\u011fum noktaya getirdi. Bu sayede k\u00f6klerime, klasi\u011fe geri d\u00f6nd\u00fcm ve \u00e7al\u0131\u015f\u0131ma dair \u00f6zg\u00fcvenim artt\u0131. \u015eimdi daha sakinim. \u00c7alarken \u00e7\u0131\u011fl\u0131k atma ihtiyac\u0131m azald\u0131 diyebilirim. Ian Anderson ile oldu\u011fu gibi, b\u00f6yle bir efsane ile ayn\u0131 sahneyi payla\u015ft\u0131\u011f\u0131m i\u00e7in olduk\u00e7a \u015fansl\u0131 hissediyorum<\/p>\n<p>I feel very lucky and priveleged to have had these experiences and have learnt so much from each of them. Ian Anderson has become a good friend and mentor \u2013 I admire him a lot. Anyone who can have a forty year career as successful as him is absoutely incredible. But again, when you see his dedication and the non stop hard work he puts in to it, you see that it is not without 100% dedication. Trans Siberian Orchestra was just a mind blowing experience \u2013 although I didn\u2019t have a musical input into this project, what I learned and experienced by being part of this family is something I will never forget \u2013 the chance to play these huge arenas with such a huge scale production \u2013 this is the stuff many musicians dream of! But again, the long tours with many, many shows (almost 70 in 10 weeks) is not just about glamour and being a temporary rock star \u2013 it is hard and tiring work! Jon Lord was an absolute saint. Playing with him I feel i grew as a person and I evolved into the player I am now. It took me back to my classical roots and i feel like my confidence as a player has grown. I feel more calm and still and feel less of a need to shout with my playing. Like with Ian Anderson, I just feel extremely lucky to have been on stage with such a legend.<\/p>\n<p>&nbsp;<\/p>\n<p><iframe loading=\"lazy\" width=\"620\" height=\"349\" src=\"https:\/\/www.youtube.com\/embed\/DcTcvNvLFAA?feature=oembed\" frameborder=\"0\" allowfullscreen><\/iframe><\/p>\n<p>&nbsp;<\/p>\n<p><iframe loading=\"lazy\" width=\"620\" height=\"349\" src=\"https:\/\/www.youtube.com\/embed\/6Nok5gAHtwc?feature=oembed\" frameborder=\"0\" allowfullscreen><\/iframe><\/p>\n<h5>\u0130lk alb\u00fcm\u00fcn\u00fcz \u201cGypsy\u201d 2006 y\u0131l\u0131nda yay\u0131nland\u0131. \u0130kinci alb\u00fcm\u00fcn\u00fcz \u201cRise Of The Warrior\u201d 2008\u2019de, EP \u00e7al\u0131\u015fman\u0131z \u201cEmbrace\u201d ge\u00e7ti\u011fimiz sene dinleyiciniz ile bulu\u015ftu. Genel olarak bakt\u0131\u011f\u0131n\u0131zda alb\u00fcmleriniz aras\u0131nda nas\u0131l bir ili\u015fki var. Tek tek ele almam\u0131z gerekirse, bize nas\u0131l \u00f6zetlersiniz her birini?<\/h5>\n<h5>Your first album \u201cGypsy\u201d was released in 2006. Your second album \u201cRise Of The Warrior\u201d was released in 2008 and your EP \u201cEmbrace\u201d met listeners last year. Generally, what kind of a relation is there between your albums? If we need to examine them one by one, how do you summarize each one?<\/h5>\n<p>\u201cGypsy\u201d alb\u00fcm\u00fc Angus Clark ile birlikte yaz\u0131ld\u0131. Orta Do\u011fu&#8217;ya olan seyahatlerimin ve Trans Siberian Orkestras\u0131 ile \u00e7ald\u0131\u011f\u0131m ilk iki y\u0131l\u0131n bir yans\u0131mas\u0131. The Rise of The Warrior&#8217;u Joost can den Broek ile beraber yazd\u0131k. O zamanlar b\u00fct\u00fcn metal ve senfonik metal ortamlar\u0131n\u0131 i\u00e7ime \u00e7ekiyor gibiydim. Ger\u00e7ekten bu t\u00fcr m\u00fczikle deneyler yap\u0131yordum. Embrace ve Between The Shadow and The Soul, Nicolas Rizzi ile beraber yaz\u0131ld\u0131. \u201cGypsy\u201d gibi bir his yarat\u0131yor ancak ses arama konusunu bir ad\u0131m \u00f6teye g\u00f6t\u00fcren bir \u00e7al\u0131\u015fma. Bence daha olgun ve karma\u015f\u0131k bir m\u00fczik. Keman\u0131n merkezde bir rol\u00fc olmas\u0131na ra\u011fmen alb\u00fcm\u00fcn dokusu tek odakl\u0131 bir yap\u0131dan \u00e7ok di\u011fer enstr\u00fcmanlarla geli\u015fen bir yap\u0131da. Rock m\u00fczikten beslenen world music oldu\u011funu s\u00f6yleyebiliriz<\/p>\n<p>\u201cGypsy\u201d was written with Angus Clark. It reflects my journeys throughout the middle east, mixed with the first two years of being exposed to playing with Trans Siberian Orchestra. I wrote Rise of The Warrior with Joost van den Broek, and it was a time when i felt like i had soaked up all the metal and symphonic metal vibes and i was really experimenting with this sound. Embrace and Between The Shadow and The Soul was written with Nicolas Rizzi. It takes me back to the first sounds of \u201cGypsy\u201d but explores this sound further. I think it is a more mature and complex sound and although the violin is a central voice, it weaves a tapestry with the other instruments rather than just being the sole focal point. It is more world music with a rock edge.<\/p>\n<h5><a rel=\"prettyPhoto\" href=\"http:\/\/www.muzikekspres.com\/wp-content\/uploads\/2015\/01\/soylesi-anna-phoebe01.jpg\" title=\"Anna Phoebe\"><img decoding=\"async\" class=\"alignnone size-full wp-image-721\" src=\"http:\/\/www.muzikekspres.com\/wp-content\/uploads\/2015\/01\/soylesi-anna-phoebe01.jpg\" alt=\"Anna Phoebe\" \/><\/a><\/h5>\n<h5>Peki yeni alb\u00fcme nas\u0131l haz\u0131rland\u0131n\u0131z? Gelen ilk tepkiler nas\u0131l? Bir alb\u00fcme nas\u0131l haz\u0131rlan\u0131yorsunuz, nas\u0131l bir \u00e7al\u0131\u015fma bekliyor sizi, nas\u0131l bir st\u00fcdyo s\u00fcreci ya\u015f\u0131yorsunuz?<\/h5>\n<h5>How were you prepared for your new album? How are the first reactions? And generally during the preparation of an album, what kind of a studio process waits you?<\/h5>\n<p>En son projem iki hamilelik d\u00f6nemini ve k\u0131zlar\u0131m\u0131n do\u011fumunu kaps\u0131yor. Dolay\u0131s\u0131yla olduk\u00e7a ilgin\u00e7 bir zaman oldu\u011fu s\u00f6ylenebilir. Nicolas ile birlikte d\u00f6rt y\u0131l \u00f6nce yazmaya ba\u015flad\u0131k. Yazma ve kay\u0131t ortamlar\u0131na bebeklerle ve hamileliklerle beraber uyum sa\u011flamak zorunda kald\u0131k. Hi\u00e7 durmad\u0131m asl\u0131na bakarsan\u0131z. \u0130lk k\u0131z\u0131m Amelia a\u015fa\u011f\u0131 yukar\u0131 bir haftal\u0131k iken girdi st\u00fcdyoya, ikinci k\u0131z\u0131m \u00fc\u00e7 g\u00fcnl\u00fck iken \u00e7al\u0131\u015fmaya d\u00f6nd\u00fcm. Embrace and Between The Shadow and The Soul alb\u00fcm\u00fcn\u00fcn ald\u0131\u011f\u0131 tepkilerden olduk\u00e7a memnunun. San\u0131r\u0131m her dinlemede daha da b\u00fcy\u00fcyen bir alb\u00fcm, olan biten \u00e7ok \u015fey var, tarzlar da olduk\u00e7a \u00e7e\u015fitli. Kiminle konu\u015ftuysam farkl\u0131 bir par\u00e7ay\u0131 favori par\u00e7alar\u0131 olarak s\u00f6ylediler. Nines&#8217;in ticari m\u00fczik, rock m\u00fczik, world m\u00fczik gibi tarzlarda yay\u0131n yapan farkl\u0131 radyo istasyonlar\u0131 taraf\u0131ndan al\u0131nd\u0131\u011f\u0131n\u0131 duyunca olduk\u00e7a \u015fa\u015f\u0131rd\u0131m. Pop\u00fcler olmas\u0131n\u0131 beklemedi\u011fim bir par\u00e7a olmas\u0131na ra\u011fmen insanlar sevdiler. Bu ho\u015f bir s\u00fcrpriz oldu.<\/p>\n<p>This latest project spanned two pregnancies and two births of my daughters , so it was quite an interesting time!! Nicolas and I started writing together about 4 years ago \u2013 and then we had to fit writing and recording sessions around the babies and pregnancies. I never really stopped though \u2013 my first daughter Amelia came into the studio at about a week or so old, and my second daughter was 3 days old when we started again! I\u2019m pleased with the reactions Embrace and Between The Shadow and The Soul has gotten \u2013 I think it\u2019s an alb\u00fcm which grows with each listen \u2013 there is a lot going on \u2013 and also the styles are quite varied. Each person i speak to has a different favourite track. I\u2019m surprised that Nines has been picked up on by a couple of radio stations spanning commercial \/ World\/rock music \u2013 I would have thought this is was one the least accessible tracks and yet people seem to love it! That\u2019s a nice surprise!<\/p>\n<h5><a rel=\"prettyPhoto\" href=\"http:\/\/www.muzikekspres.com\/wp-content\/uploads\/2015\/01\/soylesi-anna-phoebe03.jpg\" title=\"Anna Phoebe\"><img decoding=\"async\" class=\"alignnone size-full wp-image-721\" src=\"http:\/\/www.muzikekspres.com\/wp-content\/uploads\/2015\/01\/soylesi-anna-phoebe03.jpg\" alt=\"Anna Phoebe\" \/><\/a><\/h5>\n<h5>Yine d\u00fcnyaca \u00fcnl\u00fc Oi Va Voi ile de \u00e7al\u0131\u015ft\u0131n\u0131z. Kendilerinin iki alb\u00fcm\u00fcnde yer ald\u0131n\u0131z ve bir\u00e7ok \u00fclkede konserler verdiniz. Kendileri ile bu bulu\u015fma nas\u0131l ger\u00e7ekle\u015fti, nas\u0131l ge\u00e7ti bu birlikteli\u011finiz?<\/h5>\n<h5>Again you worked with world-famous Oi Va Voi. You took part in two albums of them and gave concerts in many countries. How did you come together and how did it go?<\/h5>\n<p>Oia Va Voi ile turneye \u00e7\u0131kmay\u0131 seviyorum ve keman sanat\u00e7\u0131lar\u0131 olmad\u0131\u011f\u0131 zaman onlarla hala \u00e7al\u0131yorum. Birlikte \u00e7ok turne yapt\u0131k, b\u00fcy\u00fck bir aile gibiydi. Sahnede \u00e7ok e\u011flendik, gezip g\u00f6rd\u00fc\u011f\u00fcm\u00fcz yerler b\u00fcy\u00fcleyiciydi. T\u00fcrkiye&#8217;yi ayr\u0131 sevdim. \u0130lk \u0130stanbul deneyimim, ki \u015f\u00fcphesiz d\u00fcnyadaki \u015fehirler aras\u0131nda en sevdi\u011fim \u015fehirlerden biri. Solo projemle T\u00fcrkiye&#8217;ye tekrar gelmeyi umuyorum.<\/p>\n<p>I loved playing and touring with Oi Va Voi and I still do sometimes when their violinist can\u2019t make the shows! We toured so much and it really was like a big family. The shows were always great fun \u2013 and the places we got to see while traveling is really amazing. I especially loved coming to Turkey!! These were my first experiences of Istanbul which is without doubt one of my favourite<\/p>\n<p><iframe loading=\"lazy\" width=\"620\" height=\"465\" src=\"https:\/\/www.youtube.com\/embed\/Hr0UMWMWnU0?feature=oembed\" frameborder=\"0\" allowfullscreen><\/iframe><\/p>\n<h5>Ve bu grupla birlikte siz T\u00fcrkiye\u2019ye de geldiniz, sahne ald\u0131n\u0131z ama biz sizi \u015fimdi yeni alb\u00fcm\u00fcn\u00fczle, di\u011fer \u00e7al\u0131\u015fmalar\u0131n\u0131zla da dinlemek istiyoruz. Bu anlamda belirlenen konser program\u0131n\u0131zda yer alabiliyor muyuz, sizi tekrar \u00fclkemizde g\u00f6recek miyiz?<\/h5>\n<h5>And you came Turkey and performed with this group. But we also want to listen to you alone with your new and old songs. Are we on the list of your concert programme, can we see you again in our country?<\/h5>\n<p>Gelmeyi \u00e7ok isterim! Birka\u00e7 menajerle geli\u015f gidi\u015fin imkan\u0131 hakk\u0131nda g\u00f6r\u00fc\u015fme yapt\u0131m. Proje ile birlikte gelmeyi \u00e7ok isterim.<\/p>\n<p>I would love to come!! I have spoken to a few promoters about the possibility of coming and I would realyl love to maket his an aim with the Project!!<\/p>\n<h5>Peki T\u00fcrkiye\u2019den tan\u0131d\u0131\u011f\u0131n\u0131z ya da takip etti\u011fimiz m\u00fczisyenler var m\u0131? Belki bir g\u00fcn bir T\u00fcrk\u00e7e \u015fark\u0131y\u0131 da sizin o de\u011ferli yorumunuzla dinleme \u015fans\u0131n\u0131 buluruz, olabilir mi? :)<\/h5>\n<h5>Are there any Turkish musicians that you know or follow? Maybe some day we find a chance to listen to a Turkish song from your beautiful voice, can it be? Let it be :)<\/h5>\n<p>\u00c7i\u011fdem Aslan ile tan\u0131\u015ft\u0131m ve kendisi bence \u00e7ok g\u00fczel bir \u015fark\u0131c\u0131. Ve tabii ki Tarkan&#8217;a bay\u0131l\u0131yorum. Onun i\u00e7in keman \u00e7almay\u0131 \u00e7ok isterdim<\/p>\n<p>I\u2019ve met Cigdem Aslan and I think she is a beautiful singer. And of course I love Tarkan!! I would love to play violin for him!<\/p>\n<h5>Yapt\u0131\u011f\u0131n\u0131z m\u00fczi\u011fi nas\u0131l tan\u0131ml\u0131yorsunuz? Ama bir tarz, konsept tan\u0131mlamas\u0131 istemiyorum asl\u0131nda, istedi\u011fim biraz daha b\u00f6yle i\u00e7 sesinizden gelen, daha b\u00f6yle bir duygusal tan\u0131m. Nas\u0131l bir ruh halinde do\u011fuyor bu \u015fark\u0131lar, d\u00fcnyan\u0131z nas\u0131l bir d\u00fcnya, nas\u0131l ve neler yans\u0131yor notalara?<\/h5>\n<h5>How do you define your music? Actually I don\u2019t want an explanation of a rag or concept. I want you to define your music emotionally with your inner voice. In what kind of an emotional state these songs are born? What kind of a world is your world? What are the things that affect your notes?<\/h5>\n<p>Bu olduk\u00e7a ki\u015fisel bir soru, tan\u0131mlamak \u00e7ok zor. M\u00fczi\u011fi yazarken hayat\u0131n\u0131z\u0131n neresinde oldu\u011funuza g\u00f6re de\u011fi\u015fiyor. Mesela \u015fu an i\u00e7inde bulundu\u011fum duygu durum ile \u201cRise of The Warrior\u201du yazarken i\u00e7inde bulundu\u011fum durumun birbirinden \u00e7ok farkl\u0131 olmas\u0131 gibi. Anne olmak, bir ailenin par\u00e7as\u0131 olmak, korunmas\u0131zl\u0131\u011f\u0131n ne oldu\u011funu ke\u015ffetmek benim i\u00e7in al\u0131\u015f\u0131lmad\u0131k \u015feyler. Dolay\u0131s\u0131yla b\u00fct\u00fcn bunlar\u0131n m\u00fczi\u011fimi etkiledi\u011fini s\u00f6ylemek yanl\u0131\u015f olmayacakt\u0131r. Daha huzurlu ve sakinim. Ancak ayn\u0131 zamanda kendimi duygular\u0131ma b\u0131rakt\u0131\u011f\u0131m da do\u011fru. Yirmili ya\u015flarda d\u00fcnyay\u0131 geziyor, hayat\u0131m\u0131 bir bavulun i\u00e7ine s\u0131\u011fd\u0131rabiliyordum. B\u00fcy\u00fck sahnelerde hoplay\u0131p z\u0131pl\u0131yor, dizlerimin \u00fczerinde kay\u0131yor, \u00fc\u00e7 metrelik alevlerin ve havai fi\u015feklerin \u00f6n\u00fcnde headbanging yap\u0131yordum. \u015eimdi daha konsantre olmu\u015f daha sakinle\u015fmi\u015f hissediyorum. Hala merakl\u0131y\u0131m, hala yeni deneyimler ar\u0131yorum fakat daha farkl\u0131 yollardan. Art\u0131k \u00e7\u0131\u011fl\u0131k atma ihtiyac\u0131 duymuyorum. Bo\u015fluklar ve sessizlikler art\u0131k beni korkutmuyor.<\/p>\n<p>Well, this is a deeply personal question and it\u2019s very difficult to define. There is the broad phase of where you are in your life when you create certain pices of music \u2013 like where I am now emotionally is very different to where I was when I wrote \u201cRise of The Warrior\u201d \u2013 becoming a mother, have a family and allowing yourself to acknowledge vulnerability is something that is new to me, and this definitely influences the music I write. I am more at peace, I feel more calm, but i am also ,re open with my emotions now. In my twenties I was racing through the world, living out of a suitcase, jumping around huge stages,doing knee slides and headbanging in front of 3 metre flames and fireworks on stage! Now I feel more calm and more centred. I am still curious and I am still searching for new experiences \u2013 but in a different way. I don\u2019t feel the need to shout anymore, and I don\u2019t feel scared of space and silence.<\/p>\n<h5><a rel=\"prettyPhoto\" href=\"http:\/\/www.muzikekspres.com\/wp-content\/uploads\/2015\/01\/soylesi-anna-phoebe04.jpg\" title=\"Anna Phoebe\"><img decoding=\"async\" class=\"alignnone size-full wp-image-721\" src=\"http:\/\/www.muzikekspres.com\/wp-content\/uploads\/2015\/01\/soylesi-anna-phoebe04.jpg\" alt=\"Anna Phoebe\" \/><\/a><\/h5>\n<h5>M\u00fczik hayat\u0131n\u0131z\u0131n en b\u00fcy\u00fck par\u00e7as\u0131 ama \u00f6tesinde d\u00fcnyan\u0131z\u0131 ba\u015fka neler tamaml\u0131yor, neler sizin i\u00e7in \u00f6zeldir, nelerden vazge\u00e7emezsiniz, m\u00fczisyen kimli\u011finiz d\u0131\u015f\u0131nda sizi tan\u0131yabilir miyiz biraz?<\/h5>\n<h5>Music is the biggest part of your life but beyond that what are the other things that fulfill your life? What is special for you? What are the things that you can not give up? Except your musical identity, can we know more about you ?<\/h5>\n<p>\u00c7ocuklar\u0131m hayat\u0131m\u0131n merkezinde. \u0130ki \u00e7ocu\u011fum benim i\u00e7in en \u00f6nemli \u015fey. Bu kadar k\u00fc\u00e7\u00fck olduklar\u0131n\u0131 d\u00fc\u015f\u00fcn\u00fcnce hal b\u00f6yle oluyor. Biri \u00fc\u00e7 di\u011feri bir ya\u015f\u0131nda. Her g\u00fcn de\u011fi\u015fimlerini g\u00f6r\u00fcyorsunuz. S\u00fcngerlere ne kadar benzediklerini fark ediyorsunuz, her g\u00fcn yeni \u015feyler \u00f6\u011frenip etraftaki her \u015feyi emer gibi h\u0131zla \u00f6\u011frendiklerini g\u00f6r\u00fcyorsunuz. Onlarla birlikte olmak istedi\u011fim i\u00e7in \u015fu s\u0131ralar sadece onlar\u0131n da benimle beraber gelebilece\u011fi turnelere gidiyorum. On g\u00fcnl\u00fck bir Almanya turnemiz var ve onlar da grupla birlikte otob\u00fcste olacaklar. Bizim grubun elemanlar\u0131na \u00e7ocuk bezi de\u011fi\u015ftirme sanat\u0131n\u0131 \u00f6\u011fretiyorum, b\u00fct\u00fcn grubun \u00e7ocuklar\u0131 seviyor olmas\u0131 b\u00fcy\u00fck bir \u015fans.<\/p>\n<p>\u0130lham ve fikir a\u00e7\u0131s\u0131ndan d\u00fc\u015f\u00fcnd\u00fc\u011f\u00fcmde film seyretmeyi \u00e7ok severim, tiyatrodan ho\u015flan\u0131r\u0131m ve her hafta Londra&#8217;daki \u015fahane galerilere giderim. Her hafta sergiye gitmeye \u00e7al\u0131\u015f\u0131r\u0131m. Ho\u015flanmad\u0131\u011f\u0131m bir \u015fey olsa da fark etmez. Beyninizi geli\u015ftirmeye devam etmelisiniz. Ak\u015fam yeme\u011fi toplant\u0131lar\u0131 vermeyi ve arkada\u015flar\u0131 davet etmeyi seviyorum. Denizleri \u00e7ok severim. K\u00f6pe\u011fimle sahilde y\u00fcr\u00fcmekten ho\u015flan\u0131r\u0131m. K\u00f6pe\u011fim ve ben, yaln\u0131zca ikimiz. Zihnimde daima m\u00fczik vard\u0131r. S\u00fcrekli fikirler gelir, bu m\u00fczikleri kaydetmek i\u00e7in aceleyle eve giderim.<\/p>\n<p>Ve tabii ki keman hayat\u0131m\u0131n merkezinde. Keman \u00e7almad\u0131\u011f\u0131m takdirde bunal\u0131ma giriyorum. \u00c7o\u011fu m\u00fczisyenin ayn\u0131 \u015fekilde hissetti\u011finden eminim. Yapt\u0131\u011f\u0131m bir i\u015f de\u011fil, keman benim bir par\u00e7am.<\/p>\n<p>Definitely my two children are the most important and central thing in my life. Especially when they are this young \u2013 (one and three)&#8230;you see the changes every day, you see how they are like sponges, picking up new ways every day and soaking everything up. I want to be there for them and so at the moment I only really do tours or performances where they can come. We have a ten day tour in Germany and they are coming on the tour bus with the band! I am training all the boys in the art of changing nappies \u2013 luckily the band all love kids!<\/p>\n<p>In terms of inspiration I absolutely love watching films, I love theatre and every week I make use of the fantastic galleries we have in London. I try to see an exhibition every week. Even if it is something I don;t like, it doesn;t matter. You have to keep expanding your brain! I love giving dinner parties and having friends over. I absolutely love the sea. I love walking on the bach with<\/p>\n<p>And of course the violin is central to me &#8211; if i don\u2019t play the violin I become depressed! I\u2019m sure most musicians feel like this&#8230; \u0130t is a part of me, as oppose to something I do.<\/p>\n<p>\u00c7eviriye katk\u0131lar\u0131ndan dolay\u0131 F.G\u00fcl Yan\u0131k ve Deniz Ali K\u0131ran\u2019a te\u015fekk\u00fcr ederiz.<br \/>\nWe thank F.G\u00fcl Yan\u0131k and Deniz Ali K\u0131ran for their translations.<\/p>\n<a href=\" http:\/\/www.annaphoebe.com\" target=\"_blank\" class=\"shortc-button small red\">www.annaphoebe.com<\/a>\n\r\n        <style type='text\/css'>\r\n            #gallery-1 {\r\n                margin: auto;\r\n            }\r\n            #gallery-1 .gallery-item {\r\n                float: left;\r\n                margin-top: 10px;\r\n                text-align: center;\r\n                width: 33%;           }\r\n            #gallery-1 img {\r\n                border: 2px solid #cfcfcf;\r\n            }\r\n            #gallery-1 .gallery-caption {\r\n                margin-left: 0;\r\n            }\r\n        <\/style>\r\n        <!-- see gallery_shortcode() in wp-includes\/media.php -->\r\n        <div id='gallery-1' class=' gallery galleryid-2279'><dl class='gallery-item'>\r\n            <dt class='gallery-icon'>\r\n                <a href='http:\/\/www.muzikekspres.com\/index.php\/anna-phoebe\/soylesi-anna-phoebe-steven-tyler\/'><img width=\"150\" height=\"150\" src=\"http:\/\/www.muzikekspres.com\/wp-content\/uploads\/2015\/01\/soylesi-anna-phoebe-steven-tyler-150x150.jpg\" class=\"attachment-thumbnail size-thumbnail\" alt=\"\" decoding=\"async\" loading=\"lazy\" srcset=\"http:\/\/www.muzikekspres.com\/wp-content\/uploads\/2015\/01\/soylesi-anna-phoebe-steven-tyler-150x150.jpg 150w, http:\/\/www.muzikekspres.com\/wp-content\/uploads\/2015\/01\/soylesi-anna-phoebe-steven-tyler-70x70.jpg 70w\" sizes=\"(max-width: 150px) 100vw, 150px\" \/><\/a>\r\n            <\/dt><\/dl><dl class='gallery-item'>\r\n            <dt class='gallery-icon'>\r\n                <a href='http:\/\/www.muzikekspres.com\/index.php\/anna-phoebe\/soylesi-anna-phoebe-jethro-tull\/'><img width=\"150\" height=\"150\" src=\"http:\/\/www.muzikekspres.com\/wp-content\/uploads\/2015\/01\/soylesi-anna-phoebe-jethro-tull-150x150.jpg\" class=\"attachment-thumbnail size-thumbnail\" alt=\"\" decoding=\"async\" loading=\"lazy\" srcset=\"http:\/\/www.muzikekspres.com\/wp-content\/uploads\/2015\/01\/soylesi-anna-phoebe-jethro-tull-150x150.jpg 150w, http:\/\/www.muzikekspres.com\/wp-content\/uploads\/2015\/01\/soylesi-anna-phoebe-jethro-tull-70x70.jpg 70w\" sizes=\"(max-width: 150px) 100vw, 150px\" \/><\/a>\r\n            <\/dt><\/dl><dl class='gallery-item'>\r\n            <dt class='gallery-icon'>\r\n                <a href='http:\/\/www.muzikekspres.com\/index.php\/anna-phoebe\/soylesi-anna-phoebe-nickolas-kay\/'><img width=\"150\" height=\"150\" src=\"http:\/\/www.muzikekspres.com\/wp-content\/uploads\/2015\/01\/soylesi-anna-phoebe-nickolas-kay-150x150.jpg\" class=\"attachment-thumbnail size-thumbnail\" alt=\"\" decoding=\"async\" loading=\"lazy\" srcset=\"http:\/\/www.muzikekspres.com\/wp-content\/uploads\/2015\/01\/soylesi-anna-phoebe-nickolas-kay-150x150.jpg 150w, http:\/\/www.muzikekspres.com\/wp-content\/uploads\/2015\/01\/soylesi-anna-phoebe-nickolas-kay-70x70.jpg 70w\" sizes=\"(max-width: 150px) 100vw, 150px\" \/><\/a>\r\n            <\/dt><\/dl><br style=\"clear: both\" \/>\r\n            <br style='clear: both;' \/>\r\n        <\/div>\n\n<p>&nbsp;<\/p>\n<p><iframe loading=\"lazy\" width=\"620\" height=\"349\" src=\"https:\/\/www.youtube.com\/embed\/APxf6-5vL74?feature=oembed\" frameborder=\"0\" allowfullscreen><\/iframe><\/p>\n<p><iframe loading=\"lazy\" width=\"620\" height=\"349\" src=\"https:\/\/www.youtube.com\/embed\/Wf4GsMfcXfQ?feature=oembed\" frameborder=\"0\" allowfullscreen><\/iframe><\/p>\n<p>&nbsp;<\/p>\n<h5><a rel=\"prettyPhoto\" href=\"http:\/\/www.muzikekspres.com\/wp-content\/uploads\/2015\/01\/annaphoebe-betweentheshadowandthesoul-300x300.jpg\" title=\"Anna Phoebe\"><img decoding=\"async\" loading=\"lazy\" class=\"alignleft size-full wp-image-721\" src=\"http:\/\/www.muzikekspres.com\/wp-content\/uploads\/2015\/01\/annaphoebe-betweentheshadowandthesoul-300x300.jpg\" alt=\"Anna Phoebe\" width=\"60\" height=\"60\" \/><\/a><\/h5>\n<p>Anna Phoebe<br \/>\nBetween The Shadow And The Soul \/ Anna Phoebe Music<\/p>\n<p>&nbsp;<\/p>\n<p>&nbsp;<\/p>\n<p>&nbsp;<\/p>\n","protected":false},"excerpt":{"rendered":"<p>\u201cBetween The Shadow And The Soul\u201d yeni alb\u00fcm\u00fcn\u00fcz ve ge\u00e7ti\u011fimiz g\u00fcnlerde yay\u0131nland\u0131. Alb\u00fcme do\u011fru d\u00fcnden bug\u00fcne gelelim istiyorum ve \u00f6ncelikle k\u00fc\u00e7\u00fck ya\u015flarda keman ile tan\u0131\u015ft\u0131\u011f\u0131n\u0131z\u0131 \u00f6\u011freniyorum. Nas\u0131l ba\u015flad\u0131 bu arkada\u015fl\u0131k, ilk bulu\u015fman\u0131z ilk heyecan\u0131n\u0131z nas\u0131ld\u0131? \u201cBetween The Shadow And The Soul\u201d is your new album and it has been released few weeks ago. I want &#8230;<\/p>\n","protected":false},"author":2,"featured_media":2283,"comment_status":"open","ping_status":"open","sticky":false,"template":"","format":"standard","meta":[],"categories":[475],"tags":[233],"_links":{"self":[{"href":"http:\/\/www.muzikekspres.com\/index.php\/wp-json\/wp\/v2\/posts\/2279"}],"collection":[{"href":"http:\/\/www.muzikekspres.com\/index.php\/wp-json\/wp\/v2\/posts"}],"about":[{"href":"http:\/\/www.muzikekspres.com\/index.php\/wp-json\/wp\/v2\/types\/post"}],"author":[{"embeddable":true,"href":"http:\/\/www.muzikekspres.com\/index.php\/wp-json\/wp\/v2\/users\/2"}],"replies":[{"embeddable":true,"href":"http:\/\/www.muzikekspres.com\/index.php\/wp-json\/wp\/v2\/comments?post=2279"}],"version-history":[{"count":6,"href":"http:\/\/www.muzikekspres.com\/index.php\/wp-json\/wp\/v2\/posts\/2279\/revisions"}],"predecessor-version":[{"id":3688,"href":"http:\/\/www.muzikekspres.com\/index.php\/wp-json\/wp\/v2\/posts\/2279\/revisions\/3688"}],"wp:featuredmedia":[{"embeddable":true,"href":"http:\/\/www.muzikekspres.com\/index.php\/wp-json\/wp\/v2\/media\/2283"}],"wp:attachment":[{"href":"http:\/\/www.muzikekspres.com\/index.php\/wp-json\/wp\/v2\/media?parent=2279"}],"wp:term":[{"taxonomy":"category","embeddable":true,"href":"http:\/\/www.muzikekspres.com\/index.php\/wp-json\/wp\/v2\/categories?post=2279"},{"taxonomy":"post_tag","embeddable":true,"href":"http:\/\/www.muzikekspres.com\/index.php\/wp-json\/wp\/v2\/tags?post=2279"}],"curies":[{"name":"wp","href":"https:\/\/api.w.org\/{rel}","templated":true}]}}