{"id":24247,"date":"2025-07-03T12:00:23","date_gmt":"2025-07-03T09:00:23","guid":{"rendered":"http:\/\/www.muzikekspres.com\/index.php\/?p=24247"},"modified":"2025-07-03T12:00:23","modified_gmt":"2025-07-03T09:00:23","slug":"sezen-aksu-pasa-gonul-sarkilari-universal-music-turkiye","status":"publish","type":"post","link":"http:\/\/www.muzikekspres.com\/index.php\/sezen-aksu-pasa-gonul-sarkilari-universal-music-turkiye\/","title":{"rendered":"Sezen Aksu &#8211; Pa\u015fa G\u00f6n\u00fcl \u015eark\u0131lar\u0131 \/ Universal Music T\u00fcrkiye"},"content":{"rendered":"<p>Sezen Aksu\u2019nun, sekiz y\u0131ll\u0131k bir aran\u0131n ard\u0131ndan yay\u0131nlad\u0131\u011f\u0131 yeni alb\u00fcm\u00fc \u201cPa\u015fa G\u00f6n\u00fcl \u015eark\u0131lar\u0131\u201d dinleyici ile bulu\u015ftu. 16 \u015fark\u0131dan olu\u015fan alb\u00fcm yay\u0131nlan\u0131r yay\u0131nlanmaz da b\u00fcy\u00fck ses getirdi.\u00a0 Alb\u00fcm; d\u00fcnya \u00e7ap\u0131nda en \u00e7ok dinlenen alb\u00fcmler aras\u0131na alt\u0131nc\u0131 olarak giri\u015f yaparken bir yandan da ilk haftas\u0131nda sekiz \u015fark\u0131 YouTube trendler listesinde yerini ald\u0131. Devam\u0131nda beklenen oldu ve bir\u00e7ok m\u00fczik yazar\u0131 ve ele\u015ftirmen, sosyal medya kullan\u0131c\u0131s\u0131 ve dinleyicisi ba\u015fta olmak \u00fczere hemen hemen herkes duygu ve d\u00fc\u015f\u00fcncelerini bir bir payla\u015fmaya ba\u015flad\u0131.<\/p>\n<p>Alb\u00fcmde herkesin hemen hemen favorisinin &#8220;Ey A\u015fk&#8221; oldu\u011fu ku\u015fkusuzdu, ka\u00e7 kere dinledim ger\u00e7ekten bilmiyorum ama ruhuma iyi geldi\u011fine a\u015fk \u00fczerine yemin edebilirim. \u201cPa\u015fa G\u00f6n\u00fcl \u015eark\u0131lar\u0131\u201d ismiyle uyumlu bi\u00e7imde ki\u015fisel hikayeler anlat\u0131yor. A\u011f\u0131rl\u0131kl\u0131 olarak s\u00f6z\u00fc ve\/veya bestesi Sezen Aksu\u2019ya ait \u015fark\u0131lar\u0131 i\u00e7eren alb\u00fcmde Ahmet Sel\u00e7uk \u0130lkan, Levent Y\u00fcksel, Mithat Can \u00d6zer, Mohamed Yehia, Nader Abdallah, Necati Cumal\u0131, Sait B\u00fcy\u00fck\u00e7\u0131nar, Soner Sar\u0131kabaday\u0131 gibi isimlerin de eserleri yer al\u0131yor.\u00a0Alb\u00fcmdeki \u015fark\u0131lar\u0131n d\u00fczenlemelerinde ise Ayda Tun\u00e7boyac\u0131, Can San\u0131belli, Ersay \u00dcner, Mert Alp, Mithat Can \u00d6zer, Murat Acar, Murat Bulut, Mustafa Ceceli, Okay Bar\u0131\u015f, Ozan Bayra\u015fa ve Onno Tun\u00e7 gibi m\u00fczisyenlerin imzalar\u0131 bulunuyor.<\/p>\n<p>Daha \u00f6nceleri G\u00fclben Ergen ile ba\u015far\u0131l\u0131 bir \u015fekilde tutan kimya son \u00f6rne\u011fi &#8220;Nanik&#8221; ile maalesef bekleneni vermemi\u015fti ki Aksu olaya bu alb\u00fcmde el koydu ve \u015fark\u0131n\u0131n ruhuna &#8220;\u015einanay&#8221; selaml\u0131 bir yeni versiyon sunarak adeta yeni bir do\u011fuma imza att\u0131. Ayn\u0131 olay &#8220;\u015euh Nefes&#8221; i\u00e7in de dinleyiciyi mutlu etti ki Cenk Eren yorumu ile \u00e7ok fazla ki\u015fiye ula\u015fmayan \u015fark\u0131 adeta alb\u00fcmde yeni bir \u015fark\u0131 dinliyormu\u015fuz gibi bizi kar\u015f\u0131lad\u0131. Levent Y\u00fcksel ile ilk kez bize ula\u015fan &#8220;Abanozdaki Emine&#8221;, Sezen&#8217;in \u015fiir besteleri kontenjan\u0131ndan alb\u00fcmde yerini al\u0131rken Ferdi Tayfur&#8217;un &#8220;Bana Sor&#8221;u da ustalara sayg\u0131 konseptinden belki de buraya dahil edildi; bir de S\u0131la ile ilk \u00e7\u0131k\u0131\u015f\u0131n\u0131 yapan\u00a0 &#8220;Sen A\u011fla&#8221;da burada sahibinin sesinden bir ba\u015fka \u015fark\u0131 olarak kar\u015f\u0131m\u0131zda. Genelinde bir\u00e7ok benzer ad\u0131mlar\u0131ndan dolay\u0131 &#8220;Ad\u0131 Bende Sakl\u0131&#8221;, coverlar\u0131n varl\u0131\u011f\u0131ndan da &#8220;Demo&#8221; alb\u00fcmleri havas\u0131n\u0131 ald\u0131m. Dikkatleri s\u0131f\u0131r bestelere verecek olursak o tarafta sanki daha \u00e7ok heyecan hissettim ve dinledik\u00e7e daha da g\u00fczelle\u015fece\u011fine inand\u0131m alb\u00fcm\u00fc.<\/p>\n<p>Sezen ile ilgili uzun uzun \u00e7ok yazd\u0131m, ona olan hislerim hi\u00e7bir zaman de\u011fi\u015fmedi ve onsuz ne kadar eksik kal\u0131rm\u0131\u015f\u0131z bunu hep hissettim, yerini kimselerin ne olursa olsun dolduramayaca\u011f\u0131na da hep inand\u0131m. Ne mutlu ki yolumuzun kesi\u015fti\u011fi \u00e7ok anlar da oldu ki bunun i\u00e7in de hayata ayr\u0131ca minnettar\u0131m. Bu yaz eski bir dostumuza yeniden kavu\u015fman\u0131n heyecan\u0131n\u0131 ya\u015fatt\u0131 adeta bizlere, dilerim yeniden konserlerinde de bulu\u015furuz, dilerim bir daha aray\u0131 a\u00e7maz ve bu kadar hi\u00e7 beklemeyiz. Pa\u015fa g\u00f6nl\u00fcne ve \u015fark\u0131lar\u0131na sa\u011fl\u0131k Minik Ser\u00e7e.<\/p>\n<h5>Kadri Karahan \/ Edit\u00f6r\u00fcn Notu<\/h5>\n<p>&nbsp;<\/p>\n<p><iframe loading=\"lazy\" title=\"Sezen Aksu - Ey A\u015fk [Official Audio]\" width=\"620\" height=\"349\" src=\"https:\/\/www.youtube.com\/embed\/rYJjgfCfBOU?feature=oembed\" frameborder=\"0\" allow=\"accelerometer; autoplay; clipboard-write; encrypted-media; gyroscope; picture-in-picture; web-share\" referrerpolicy=\"strict-origin-when-cross-origin\" allowfullscreen><\/iframe><\/p>\n<p><iframe loading=\"lazy\" title=\"Sezen Aksu feat. Ozan Bayra\u015fa - Do\u011frucu [Official Video]\" width=\"620\" height=\"349\" src=\"https:\/\/www.youtube.com\/embed\/M6z6TqiBpSo?feature=oembed\" frameborder=\"0\" allow=\"accelerometer; autoplay; clipboard-write; encrypted-media; gyroscope; picture-in-picture; web-share\" referrerpolicy=\"strict-origin-when-cross-origin\" allowfullscreen><\/iframe><\/p>\n<p>&nbsp;<\/p>\n<p><iframe title=\"Spotify Embed: Pa\u015fa G\u00f6n\u00fcl \u015eark\u0131lar\u0131\" style=\"border-radius: 12px\" width=\"100%\" height=\"352\" frameborder=\"0\" allowfullscreen allow=\"autoplay; clipboard-write; encrypted-media; fullscreen; picture-in-picture\" loading=\"lazy\" src=\"https:\/\/open.spotify.com\/embed\/album\/2oBjfy4PesjgtncSmEaY9T?si=odzso22LRmeljGu88TPYFg&#038;utm_source=oembed\"><\/iframe><\/p>\n<p>&nbsp;<\/p>\n","protected":false},"excerpt":{"rendered":"<p>Sezen Aksu\u2019nun, sekiz y\u0131ll\u0131k bir aran\u0131n ard\u0131ndan yay\u0131nlad\u0131\u011f\u0131 yeni alb\u00fcm\u00fc \u201cPa\u015fa G\u00f6n\u00fcl \u015eark\u0131lar\u0131\u201d dinleyici ile bulu\u015ftu. 16 \u015fark\u0131dan olu\u015fan alb\u00fcm yay\u0131nlan\u0131r yay\u0131nlanmaz da b\u00fcy\u00fck ses getirdi.\u00a0 Alb\u00fcm; d\u00fcnya \u00e7ap\u0131nda en \u00e7ok dinlenen alb\u00fcmler aras\u0131na alt\u0131nc\u0131 olarak giri\u015f yaparken bir yandan da ilk haftas\u0131nda sekiz \u015fark\u0131 YouTube trendler listesinde yerini ald\u0131. Devam\u0131nda beklenen oldu ve bir\u00e7ok &#8230;<\/p>\n","protected":false},"author":2,"featured_media":24248,"comment_status":"open","ping_status":"open","sticky":false,"template":"","format":"standard","meta":[],"categories":[24],"tags":[7539,267],"_links":{"self":[{"href":"http:\/\/www.muzikekspres.com\/index.php\/wp-json\/wp\/v2\/posts\/24247"}],"collection":[{"href":"http:\/\/www.muzikekspres.com\/index.php\/wp-json\/wp\/v2\/posts"}],"about":[{"href":"http:\/\/www.muzikekspres.com\/index.php\/wp-json\/wp\/v2\/types\/post"}],"author":[{"embeddable":true,"href":"http:\/\/www.muzikekspres.com\/index.php\/wp-json\/wp\/v2\/users\/2"}],"replies":[{"embeddable":true,"href":"http:\/\/www.muzikekspres.com\/index.php\/wp-json\/wp\/v2\/comments?post=24247"}],"version-history":[{"count":1,"href":"http:\/\/www.muzikekspres.com\/index.php\/wp-json\/wp\/v2\/posts\/24247\/revisions"}],"predecessor-version":[{"id":24249,"href":"http:\/\/www.muzikekspres.com\/index.php\/wp-json\/wp\/v2\/posts\/24247\/revisions\/24249"}],"wp:featuredmedia":[{"embeddable":true,"href":"http:\/\/www.muzikekspres.com\/index.php\/wp-json\/wp\/v2\/media\/24248"}],"wp:attachment":[{"href":"http:\/\/www.muzikekspres.com\/index.php\/wp-json\/wp\/v2\/media?parent=24247"}],"wp:term":[{"taxonomy":"category","embeddable":true,"href":"http:\/\/www.muzikekspres.com\/index.php\/wp-json\/wp\/v2\/categories?post=24247"},{"taxonomy":"post_tag","embeddable":true,"href":"http:\/\/www.muzikekspres.com\/index.php\/wp-json\/wp\/v2\/tags?post=24247"}],"curies":[{"name":"wp","href":"https:\/\/api.w.org\/{rel}","templated":true}]}}