{"id":24250,"date":"2025-07-04T12:29:27","date_gmt":"2025-07-04T09:29:27","guid":{"rendered":"http:\/\/www.muzikekspres.com\/index.php\/?p=24250"},"modified":"2025-07-04T12:29:27","modified_gmt":"2025-07-04T09:29:27","slug":"selin-atasoy-eveleme-geveleme","status":"publish","type":"post","link":"http:\/\/www.muzikekspres.com\/index.php\/selin-atasoy-eveleme-geveleme\/","title":{"rendered":"Selin Atasoy &#8211; Eveleme Geveleme"},"content":{"rendered":"<p>Selin Atasoy\u2019 ilk alb\u00fcm\u00fc \u201cHi\u00e7\u201d ile kar\u015f\u0131m\u0131za \u00e7\u0131kt\u0131\u011f\u0131nda takvimler 2014 y\u0131l\u0131n\u0131 g\u00f6steriyordu. K\u00fc\u00e7\u00fck ya\u015fta m\u00fczi\u011fe olan tutkusunun ileride de onu hi\u00e7 b\u0131rakmamas\u0131n\u0131n yan\u0131na bir de psikolog kimli\u011fi eklenecekti ki y\u0131llar i\u00e7inde de her ikisini birlikte y\u00fcr\u00fctmeyi ba\u015faracakt\u0131. Bir yanda notalarla devam eden hayat\u0131n\u0131n di\u011fer yan\u0131nda otizmle ilgili ara\u015ft\u0131rmalar\u0131n\u0131n da devam etti\u011fini \u00f6\u011freniyoruz kendisinin.\u00a0 Ne g\u00fczel ki bu iki meslek aras\u0131nda ku\u015fkusuz herhangi bir zorluk ya\u015fam\u0131yor ve \u00e7ok s\u0131k olmasa da belli s\u00fcre\u00e7lerde \u015fark\u0131lar\u0131 kap\u0131m\u0131z\u0131 \u00e7almaya devam ediyor.<\/p>\n<p>K\u0131sa zaman \u00f6nce bir TSM \u015fark\u0131s\u0131 olan &#8220;\u00d6mr\u00fcm\u00fcz\u00fcn Son Demi&#8221;ni bir vefa borcu olarak yay\u0131nlad\u0131\u011f\u0131n\u0131 \u00f6\u011freniyoruz ki hemen \u00f6ncesinde de bir Zerrin \u00d6zer cover\u0131 ile kar\u015f\u0131la\u015f\u0131yoruz: K\u0131yamam. S\u00fcre\u00e7 i\u00e7inde yakalama \u015fans\u0131n\u0131 bulamad\u0131\u011f\u0131m bu \u015eehrazat s\u00f6z\u00fc ve m\u00fczi\u011fini dinlememe vesile olan durumsa yeni \u015fark\u0131s\u0131 ki bu da bir \u015eehrazat imzas\u0131: Eveleme Geveleme. Ama burada bir fark var ki s\u0131f\u0131r bir \u015fark\u0131, yepyeni Atasoy\u2019un kendine has duru\u015funa taze bir kan.<\/p>\n<p>Atasoy&#8217;un \u015eehrazat ile bu ikinci bulu\u015fmas\u0131n\u0131n di\u011fer kahramanlar\u0131na gelince \u015fark\u0131 Mustafa Haybat d\u00fczenlemesi (Haybat Music Productions yap\u0131m) olarak kar\u015f\u0131m\u0131zda. Olduklar\u0131 her alb\u00fcmde \/ \u015fark\u0131da \u00e7\u0131tan\u0131n inan\u0131lmaz y\u00fckseldi\u011fi \u0130stanbul Strings yayl\u0131larda mesela. Gitarda da bir ba\u015fka usta m\u00fczisyen \u0130lter Kurcala kadroda. Hen\u00fcz yay\u0131nda olmasa da klip \u00e7al\u0131\u015fmas\u0131n\u0131n y\u00f6netmen koltu\u011funda da Yunus Akyurt&#8217;un olaca\u011f\u0131n\u0131 \u00f6\u011freniyoruz.<\/p>\n<p>\u015eark\u0131n\u0131n net olmayanlara, laf\u0131 doland\u0131ranlara ince bir sitemi var ki bu yan\u0131 ile son y\u0131llar\u0131n fiyakal\u0131 s\u00f6ylemlerinden &#8220;atarl\u0131&#8221; yan\u0131 ile g\u00fc\u00e7l\u00fc ama \u00f6z\u00fcnde biraz da sanki k\u0131rg\u0131n, buruk yan\u0131 ile de \u00f6z\u00fcnde duygusal. Yine de her \u015feye ra\u011fmen akan alt yap\u0131s\u0131 ile de hayata ters k\u00f6\u015fe bir sesleni\u015f \/ serzeni\u015f. Hani hepimizin en \u00e7ok i\u00e7inden ge\u00e7en belki, hepimizin o \u00e7akt\u0131rmadan en sevdi\u011fi ruh halleri \u00e7\u0131k\u0131\u015f\u0131, ge\u00e7i\u015fi. \u00d6zetle hem Atasoy ile hem de \u015eehrazat ile yeniden bir araya gelmenin sevincini ekleyin \u00fcst\u00fcne bir de ve mutlaka kulak verin \u00fcst\u00fcne.<\/p>\n<h5>Kadri Karahan \/ Edit\u00f6r\u00fcn Notu<\/h5>\n<p>&nbsp;<\/p>\n<p><iframe loading=\"lazy\" title=\"Eveleme Geveleme\" width=\"620\" height=\"465\" src=\"https:\/\/www.youtube.com\/embed\/ehSsONnmQvI?feature=oembed\" frameborder=\"0\" allow=\"accelerometer; autoplay; clipboard-write; encrypted-media; gyroscope; picture-in-picture; web-share\" referrerpolicy=\"strict-origin-when-cross-origin\" allowfullscreen><\/iframe><\/p>\n<p>&nbsp;<\/p>\n<p><iframe title=\"Spotify Embed: Eveleme Geveleme\" style=\"border-radius: 12px\" width=\"100%\" height=\"152\" frameborder=\"0\" allowfullscreen allow=\"autoplay; clipboard-write; encrypted-media; fullscreen; picture-in-picture\" loading=\"lazy\" src=\"https:\/\/open.spotify.com\/embed\/track\/5nwNsidtvzXKxeQm1pCZHd?si=242d8005b5fa4f9d&#038;utm_source=oembed\"><\/iframe><\/p>\n<p>&nbsp;<\/p>\n<p>&nbsp;<\/p>\n","protected":false},"excerpt":{"rendered":"<p>Selin Atasoy\u2019 ilk alb\u00fcm\u00fc \u201cHi\u00e7\u201d ile kar\u015f\u0131m\u0131za \u00e7\u0131kt\u0131\u011f\u0131nda takvimler 2014 y\u0131l\u0131n\u0131 g\u00f6steriyordu. K\u00fc\u00e7\u00fck ya\u015fta m\u00fczi\u011fe olan tutkusunun ileride de onu hi\u00e7 b\u0131rakmamas\u0131n\u0131n yan\u0131na bir de psikolog kimli\u011fi eklenecekti ki y\u0131llar i\u00e7inde de her ikisini birlikte y\u00fcr\u00fctmeyi ba\u015faracakt\u0131. Bir yanda notalarla devam eden hayat\u0131n\u0131n di\u011fer yan\u0131nda otizmle ilgili ara\u015ft\u0131rmalar\u0131n\u0131n da devam etti\u011fini \u00f6\u011freniyoruz kendisinin.\u00a0 Ne g\u00fczel &#8230;<\/p>\n","protected":false},"author":2,"featured_media":24251,"comment_status":"open","ping_status":"open","sticky":false,"template":"","format":"standard","meta":[],"categories":[240],"tags":[7540,7541,166],"_links":{"self":[{"href":"http:\/\/www.muzikekspres.com\/index.php\/wp-json\/wp\/v2\/posts\/24250"}],"collection":[{"href":"http:\/\/www.muzikekspres.com\/index.php\/wp-json\/wp\/v2\/posts"}],"about":[{"href":"http:\/\/www.muzikekspres.com\/index.php\/wp-json\/wp\/v2\/types\/post"}],"author":[{"embeddable":true,"href":"http:\/\/www.muzikekspres.com\/index.php\/wp-json\/wp\/v2\/users\/2"}],"replies":[{"embeddable":true,"href":"http:\/\/www.muzikekspres.com\/index.php\/wp-json\/wp\/v2\/comments?post=24250"}],"version-history":[{"count":1,"href":"http:\/\/www.muzikekspres.com\/index.php\/wp-json\/wp\/v2\/posts\/24250\/revisions"}],"predecessor-version":[{"id":24252,"href":"http:\/\/www.muzikekspres.com\/index.php\/wp-json\/wp\/v2\/posts\/24250\/revisions\/24252"}],"wp:featuredmedia":[{"embeddable":true,"href":"http:\/\/www.muzikekspres.com\/index.php\/wp-json\/wp\/v2\/media\/24251"}],"wp:attachment":[{"href":"http:\/\/www.muzikekspres.com\/index.php\/wp-json\/wp\/v2\/media?parent=24250"}],"wp:term":[{"taxonomy":"category","embeddable":true,"href":"http:\/\/www.muzikekspres.com\/index.php\/wp-json\/wp\/v2\/categories?post=24250"},{"taxonomy":"post_tag","embeddable":true,"href":"http:\/\/www.muzikekspres.com\/index.php\/wp-json\/wp\/v2\/tags?post=24250"}],"curies":[{"name":"wp","href":"https:\/\/api.w.org\/{rel}","templated":true}]}}